{"id":6991,"date":"2022-11-14T10:44:01","date_gmt":"2022-11-14T10:44:01","guid":{"rendered":"https:\/\/www.landac.com\/?p=6991"},"modified":"2022-11-14T12:14:02","modified_gmt":"2022-11-14T12:14:02","slug":"neues-beitragssystem-fur-selbststandige-in-spanien","status":"publish","type":"post","link":"https:\/\/www.landac.com\/de\/neues-beitragssystem-fur-selbststandige-in-spanien\/","title":{"rendered":"Neues Beitragssystem f\u00fcr Selbstst\u00e4ndige in Spanien"},"content":{"rendered":"\n<div style=\"height:35px\" aria-hidden=\"true\" class=\"wp-block-spacer\"><\/div>\n\n\n\n<h2 class=\"wp-block-heading\">Was ist das neue Quotensystem f\u00fcr Selbstst\u00e4ndige und wie wirkt es sich auf Sie aus?<\/h2>\n\n\n\n<p>Mit dem am 27. Juli verabschiedeten k\u00f6niglichen Gesetzesdekret 13\/2022 wurde ein neues Beitragssystem f\u00fcr Arbeitnehmer eingef\u00fchrt, die in der Sonderregelung f\u00fcr Selbst\u00e4ndige auf der Grundlage des j\u00e4hrlich erzielten Nettoeinkommens aus wirtschaftlicher, gesch\u00e4ftlicher oder beruflicher T\u00e4tigkeit, im Gegensatz zu dem bisherigen System, das das bisherige System, bei dem die Beitragsbemessungsgrundlage &#8211; mit einigen Einschr\u00e4nkungen &#8211; unabh\u00e4ngig vom Einkommen gew\u00e4hlt wurde.<br>Die Beitragsgrundlage wurde unabh\u00e4ngig vom Einkommen gew\u00e4hlt. Die \u00c4nderung wird ab 2023 in Kraft treten. A Nachstehend sind die wichtigsten \u00c4nderungen aufgef\u00fchrt.<\/p>\n\n\n\n<div style=\"height:35px\" aria-hidden=\"true\" class=\"wp-block-spacer\"><\/div>\n\n\n\n<h2 class=\"wp-block-heading\">Wie das neue Beitragssystem in Spanien funktioniert<\/h2>\n\n\n\n<p>Wir fassen zusammen, wie das neue Beitragssystem f\u00fcr Selbstst\u00e4ndige funktioniert:<\/p>\n\n\n\n<p>1) Der Selbst\u00e4ndige w\u00e4hlt vor Beginn des Jahres die monatliche Beitragsgrundlage, die seiner Prognose des monatlichen Durchschnitts seines Jahresnettoeinkommens innerhalb der durch Gesetz festzulegenden allgemeinen Tabelle (1) entspricht (2). 2. Nettojahreseinkommen im Rahmen der allgemeinen Tabelle der Bemessungsgrundlagen (1), die jedes Jahr durch das Haushaltsgesetz festgelegt wird. J\u00e4hrliche Budgets.<\/p>\n\n\n\n<p>2) Wenn sich im Laufe des Jahres die monatliche Sch\u00e4tzung Ihres Einkommens \u00e4ndert, k\u00f6nnen Sie eine \u00c4nderung Ihrer Einkommensbasis beantragen. \u00c4nderungen der Grundlage nach Bedarf. Dieser Antrag kann bis zu 6 Mal pro Jahr gestellt werden und gilt ab dem folgenden Zeitpunkt unmittelbar folgenden Zweimonatszeitraum.<\/p>\n\n\n\n<p>3) In jedem Fall sind die gew\u00e4hlten Grundlagen vorl\u00e4ufig, bis sie reguliert werden. Regularisierung.<\/p>\n\n\n\n<p>4) Der als Selbst\u00e4ndiger eingetragene Arbeitnehmer ist verpflichtet, eine Einkommensteuererkl\u00e4rung abzugeben.<\/p>\n\n\n\n<p>5) Die Regulierung des Beitrags zum Zwecke der Festlegung der Beitragsgrundlagen und der endg\u00fcltigen monatlichen Beitr\u00e4ge f\u00fcr das entsprechende Jahr erfolgt auf der Grundlage des einmal erzielten und von der Steuerverwaltung ab dem folgenden Jahr mitgeteilten Jahreseinkommens. Die endg\u00fcltigen Beitragsgrundlagen setzen sich zusammen aus:<\/p>\n\n\n\n<p>a) Freiberufler: Eink\u00fcnfte aus allen wirtschaftlichen, gesch\u00e4ftlichen oder beruflichen T\u00e4tigkeiten, die der Selbstst\u00e4ndige in jedem Gesch\u00e4ftsjahr aus\u00fcbt, entweder als Einzelperson oder als Partner oder Mitglied irgendeiner Art von K\u00f6rperschaft gem\u00e4\u00df den Bestimmungen der pers\u00f6nlichen Einkommenssteuerregeln.<\/p>\n\n\n\n<p>b) Angestellte von Unternehmen: Das gesamte Einkommen aus der Beteiligung am Eigenkapital derjenigen Unternehmen, an denen sie zum Zeitpunkt der Entstehung der K\u00f6rperschaftsteuer eine Beteiligung von mindestens 33 % des Aktienkapitals halten oder als Direktor eine Beteiligung von mindestens 25 % haben, sowie das gesamte Einkommen aus ihrer T\u00e4tigkeit in diesen Unternehmen.<\/p>\n\n\n\n<p>c) H\u00f6he der Sozialversicherungsbeitr\u00e4ge.<\/p>\n\n\n\n<p>d) Abzug f\u00fcr allgemeine Kosten in H\u00f6he von 7 % f\u00fcr Freiberufler und 3 % f\u00fcr Angestellte.<\/p>\n\n\n\n<p>6) Nach der Ermittlung der H\u00f6he der Eink\u00fcnfte werden diese anteilig auf den zu regularisierenden Zeitraum verteilt (2) und die endg\u00fcltigen Grundlagen festgelegt.<\/p>\n\n\n\n<p>a) Liegt das Durchschnittseinkommen innerhalb der der vorl\u00e4ufigen Bemessungsgrundlage entsprechenden Spanne, wird keine Anpassung vorgenommen und die vorl\u00e4ufige Bemessungsgrundlage wird endg\u00fcltig.<\/p>\n\n\n\n<p>b) Liegt das Durchschnittseinkommen in einer h\u00f6heren Kategorie als die vorl\u00e4ufige Bemessungsgrundlage, wird die Mindestbemessungsgrundlage der Kategorie, die dem Einkommen entspricht, als Minimum angewandt, und die Sozialversicherungsbeh\u00f6rden werden<br>stellt eine erg\u00e4nzende Abrechnung der Differenzen ohne Aufschlag aus.<\/p>\n\n\n\n<p>c) Liegt das Durchschnittseinkommen unter der vorl\u00e4ufigen Bemessungsgrundlage, wird die H\u00f6chstbemessungsgrundlage der dem Einkommen entsprechenden Bemessungsgrundlage angewandt, und die Sozialversicherung erstattet die Differenzbetr\u00e4ge automatisch vor dem 30. April des Jahres, das auf das Jahr folgt, in dem die endg\u00fcltigen Bemessungsgrundlagen festgelegt wurden.<br>April des Haushaltsjahres, das auf das Haushaltsjahr folgt, in dem die endg\u00fcltigen Grundlagen festgelegt wurden.<\/p>\n\n\n\n<div style=\"height:35px\" aria-hidden=\"true\" class=\"wp-block-spacer\"><\/div>\n\n\n\n<p>(1) Selbstst\u00e4ndige, die nicht als Familienangeh\u00f6rige eines Selbstst\u00e4ndigen oder als Verwalter oder mitarbeitender Partner in dieses System einbezogen sind, k\u00f6nnen sich ebenfalls f\u00fcr die reduzierte Grundlagentabelle entscheiden, wenn sie absehen, dass ihr durchschnittliches Monatseinkommen den SMI nicht \u00fcbersteigen wird.<\/p>\n\n\n\n<p>(2) Die monatliche Beitragsbemessungsgrundlage, die in den Monaten des Leistungsbezugs bei vor\u00fcbergehender Arbeitsunf\u00e4higkeit, bei Risiken w\u00e4hrend der Schwangerschaft, bei Risiken w\u00e4hrend der Stillzeit, bei der Geburt und Betreuung eines Minderj\u00e4hrigen und bei der mitverantwortlichen Betreuung des S\u00e4uglings sowie bei der Einstellung der T\u00e4tigkeit oder bei der Aufrechterhaltung der T\u00e4tigkeit in den F\u00e4llen, in denen sie als Selbst\u00e4ndige gemeldet bleiben m\u00fcssen, angewandt wird, wird endg\u00fcltig und unterliegt folglich nicht der Regularisierung.<\/p>\n\n\n\n<div style=\"height:35px\" aria-hidden=\"true\" class=\"wp-block-spacer\"><\/div>\n\n\n\n<h2 class=\"wp-block-heading\">Cuadro de rendimientos y bases para 2023<\/h2>\n\n\n\n<div style=\"height:35px\" aria-hidden=\"true\" class=\"wp-block-spacer\"><\/div>\n\n\n\n<figure class=\"wp-block-image size-full\"><img loading=\"lazy\" decoding=\"async\" width=\"1056\" height=\"452\" src=\"https:\/\/www.landac.com\/wp-content\/uploads\/2022\/11\/nueva-cuota-de-autonomos-2023.jpg\" alt=\"\" class=\"wp-image-6955\" srcset=\"https:\/\/www.landac.com\/wp-content\/uploads\/2022\/11\/nueva-cuota-de-autonomos-2023.jpg 1056w, https:\/\/www.landac.com\/wp-content\/uploads\/2022\/11\/nueva-cuota-de-autonomos-2023-200x86.jpg 200w\" sizes=\"(max-width: 1056px) 100vw, 1056px\" \/><figcaption>Neues Quotensystem f\u00fcr Selbstst\u00e4ndige in Spanien 2023-2031<\/figcaption><\/figure>\n\n\n\n<div style=\"height:35px\" aria-hidden=\"true\" class=\"wp-block-spacer\"><\/div>\n\n\n\n<p>Beispiel<\/p>\n\n\n\n<ol><li>Juan beantragt eine vorl\u00e4ufige monatliche Beitragsbemessungsgrundlage von 1.050 \u20ac (innerhalb der Stufe 5). Der monatliche Beitrag betr\u00e4gt: 1.050,00 \u20ac x 30,60% = 321,30 \u20ac.<\/li><\/ol>\n\n\n\n<ol start=\"2\"><li>Wenn Sie Ihre pers\u00f6nliche Einkommensteuererkl\u00e4rung abgegeben haben, betr\u00e4gt das Nettoeinkommen 40.000 \u20ac. Auf dieses Einkommen wird ein Abschlag von 7 % (2.800 \u20ac) angewandt und die Beitr\u00e4ge f\u00fcr Selbst\u00e4ndige werden hinzugerechnet (321,30 \u20ac x 12 = 3.855,60 \u20ac). Das Ergebnis betr\u00e4gt 41.055,60 \u20ac. Dieses Ergebnis wird \u00fcber 12 Monate gemittelt als es gab keinen Monat, in dem nicht reguliert wurde (Krankheit, Kinderbetreuung usw.):<br>41.055,60 \u20ac\/12 = 3.421,30 \u20ac.<\/li><li>Der Durchschnittsertrag von 3.421,30 \u20ac f\u00e4llt in die Gruppe 9, so dass in Juans Fall die Mindestbemessungsgrundlage dieser Gruppe in H\u00f6he von 1.209,15 \u20ac als endg\u00fcltige Bemessungsgrundlage f\u00fcr das Jahr 2023 angewandt wird und die Sozialversicherung eine erg\u00e4nzende Abrechnung \u00fcber die Differenz zwischen der vorl\u00e4ufigen und der endg\u00fcltigen Bemessungsgrundlage ausstellt.<\/li><\/ol>\n\n\n\n<div style=\"height:35px\" aria-hidden=\"true\" class=\"wp-block-spacer\"><\/div>\n\n\n\n<h2 class=\"wp-block-heading\">Quoten-Rabatte<\/h2>\n\n\n\n<p>F\u00fcr Selbst\u00e4ndige, die zum ersten Mal angemeldet werden oder die in den beiden unmittelbar vorangegangenen Jahren (drei Jahre, wenn zuvor Pr\u00e4mien beantragt wurden) nicht angemeldet waren, gelten folgende Quoten:<\/p>\n\n\n\n<ol><li>In den ersten 12 Monaten wird ein Beitrag von 80 \u20ac gezahlt.<\/li><li>F\u00fcr die folgenden 12 Monate einen Beitrag von 80 \u20ac, sofern sie in dem\/den Kalenderjahr(en), die in diesen zweiten Zeitraum fallen, kein Nettoeinkommen \u00fcber dem Mindestlohn (SMI) erzielt haben.<\/li><\/ol>\n\n\n\n<div style=\"height:35px\" aria-hidden=\"true\" class=\"wp-block-spacer\"><\/div>\n\n\n\n<h2 class=\"wp-block-heading\">\u00dcbergangszeit<\/h2>\n\n\n\n<p>Selbstst\u00e4ndige zahlen im Jahr 2023 weiterhin Beitr\u00e4ge zu der Bemessungsgrundlage, die f\u00fcr sie im Januar gelten w\u00fcrde, entsprechend der Bemessungsgrundlage, die sie bereits im Jahr 2022 haben, bis sie ihr Wahlrecht f\u00fcr eine neue Bemessungsgrundlage in Abh\u00e4ngigkeit von ihrem Einkommen aus\u00fcben.<\/p>\n\n\n\n<p>Der Pauschalsatz und die anderen Leistungen, die f\u00fcr die derzeitigen Beitr\u00e4ge der Selbst\u00e4ndigen gelten, werden unter denselben Bedingungen weiter angewandt, bis die f\u00fcr ihre Anwendung festgelegten H\u00f6chstfristen ausgesch\u00f6pft sind.<\/p>\n\n\n\n<p>Selbst\u00e4ndige, die am 31.12.2022 Beitr\u00e4ge auf einer h\u00f6heren Beitragsgrundlage zahlten als derjenigen, die ihnen aufgrund ihres Einkommens zust\u00fcnde, k\u00f6nnen diese Beitragsgrundlage oder eine niedrigere beibehalten, auch wenn ihr Einkommen die Anwendung einer niedrigeren Beitragsgrundlage als die beiden anderen bedingt.<\/p>\n\n\n\n<p>Dies ist zu beachten, wenn Sie eine h\u00f6here als die Ihrem Einkommen entsprechende Beitragsbemessungsgrundlage beibehalten m\u00fcssen, da Sie nach Einf\u00fchrung des neuen Systems Ihre endg\u00fcltige Beitragsbemessungsgrundlage nicht mehr &#8222;w\u00e4hlen&#8220; k\u00f6nnen.<\/p>\n\n\n\n<div style=\"height:35px\" aria-hidden=\"true\" class=\"wp-block-spacer\"><\/div>\n\n\n\n<div class=\"wp-block-media-text alignwide is-stacked-on-mobile\"><figure class=\"wp-block-media-text__media\"><img loading=\"lazy\" decoding=\"async\" width=\"450\" height=\"450\" src=\"https:\/\/www.landac.com\/wp-content\/uploads\/2022\/11\/nueva-cuota-autonomos-2023-te-asesoramos.jpg\" alt=\"\" class=\"wp-image-6960 size-full\" srcset=\"https:\/\/www.landac.com\/wp-content\/uploads\/2022\/11\/nueva-cuota-autonomos-2023-te-asesoramos.jpg 450w, https:\/\/www.landac.com\/wp-content\/uploads\/2022\/11\/nueva-cuota-autonomos-2023-te-asesoramos-200x200.jpg 200w, https:\/\/www.landac.com\/wp-content\/uploads\/2022\/11\/nueva-cuota-autonomos-2023-te-asesoramos-150x150.jpg 150w\" sizes=\"(max-width: 450px) 100vw, 450px\" \/><\/figure><div class=\"wp-block-media-text__content\">\n<p class=\"has-medium-font-size\"><strong>Sind Sie selbstst\u00e4ndig? Wie wirken sich die neuen Beitr\u00e4ge f\u00fcr Selbstst\u00e4ndige 2023 auf Sie aus? Brauchen Sie Hilfe?<\/strong><\/p>\n\n\n\n<div style=\"height:22px\" aria-hidden=\"true\" class=\"wp-block-spacer\"><\/div>\n\n\n\n<div class=\"wp-block-buttons is-layout-flex wp-block-buttons-is-layout-flex\">\n<div class=\"wp-block-button\"><a class=\"wp-block-button__link has-background\" href=\"\" style=\"border-radius:0px;background-color:#880606\" target=\"_blank\" rel=\"noreferrer noopener\">KONTAKT<strong>DATEN<\/strong><\/a><\/div>\n<\/div>\n<\/div><\/div>\n","protected":false},"excerpt":{"rendered":"<p>Informieren Sie sich \u00fcber alle \u00c4nderungen und Neuerungen des neuen Beitragssystems f\u00fcr Selbst\u00e4ndige 2023-2031 und \u00fcber die Anwendung der Pauschalregelung.<\/p>\n","protected":false},"author":5,"featured_media":6993,"comment_status":"open","ping_status":"open","sticky":false,"template":"","format":"standard","meta":{"_acf_changed":false,"footnotes":""},"categories":[98],"tags":[],"acf":[],"yoast_head":"<!-- This site is optimized with the Yoast SEO plugin v23.5 - https:\/\/yoast.com\/wordpress\/plugins\/seo\/ -->\n<title>Neues Beitragssystem f\u00fcr Selbstst\u00e4ndige in Spanien<\/title>\n<meta name=\"description\" content=\"Was ist neu am Beitragssystem f\u00fcr Selbstst\u00e4ndige in Spanien - wie funktioniert es? Wir kl\u00e4ren alle Zweifel und Fragen 91 564 32 94\" \/>\n<meta name=\"robots\" content=\"index, follow, max-snippet:-1, max-image-preview:large, max-video-preview:-1\" \/>\n<link rel=\"canonical\" href=\"https:\/\/www.landac.com\/de\/neues-beitragssystem-fur-selbststandige-in-spanien\/\" \/>\n<meta property=\"og:locale\" content=\"de_DE\" \/>\n<meta property=\"og:type\" content=\"article\" \/>\n<meta property=\"og:title\" content=\"Neues Beitragssystem f\u00fcr Selbstst\u00e4ndige in Spanien\" \/>\n<meta property=\"og:description\" content=\"Was ist neu am Beitragssystem f\u00fcr Selbstst\u00e4ndige in Spanien - wie funktioniert es? Wir kl\u00e4ren alle Zweifel und Fragen 91 564 32 94\" \/>\n<meta property=\"og:url\" content=\"https:\/\/www.landac.com\/de\/neues-beitragssystem-fur-selbststandige-in-spanien\/\" \/>\n<meta property=\"og:site_name\" content=\"Lawyers &amp; Accountants\" \/>\n<meta property=\"article:publisher\" content=\"https:\/\/www.facebook.com\/LawyersandAccountants\" \/>\n<meta property=\"article:published_time\" content=\"2022-11-14T10:44:01+00:00\" \/>\n<meta property=\"article:modified_time\" content=\"2022-11-14T12:14:02+00:00\" \/>\n<meta property=\"og:image\" content=\"https:\/\/www.landac.com\/wp-content\/uploads\/2022\/11\/beitragssystem-fur-selbststandige-in-spanien.jpg\" \/>\n\t<meta property=\"og:image:width\" content=\"750\" \/>\n\t<meta property=\"og:image:height\" content=\"500\" \/>\n\t<meta property=\"og:image:type\" content=\"image\/jpeg\" \/>\n<meta name=\"author\" content=\"Blanca R\u00edos\" \/>\n<meta name=\"twitter:card\" content=\"summary_large_image\" \/>\n<meta name=\"twitter:creator\" content=\"@Landac_asesoria\" \/>\n<meta name=\"twitter:site\" content=\"@Landac_asesoria\" \/>\n<meta name=\"twitter:label1\" content=\"Verfasst von\" \/>\n\t<meta name=\"twitter:data1\" content=\"Blanca R\u00edos\" \/>\n\t<meta name=\"twitter:label2\" content=\"Gesch\u00e4tzte Lesezeit\" \/>\n\t<meta name=\"twitter:data2\" content=\"6\u00a0Minuten\" \/>\n<script type=\"application\/ld+json\" class=\"yoast-schema-graph\">{\"@context\":\"https:\/\/schema.org\",\"@graph\":[{\"@type\":\"Article\",\"@id\":\"https:\/\/www.landac.com\/de\/neues-beitragssystem-fur-selbststandige-in-spanien\/#article\",\"isPartOf\":{\"@id\":\"https:\/\/www.landac.com\/de\/neues-beitragssystem-fur-selbststandige-in-spanien\/\"},\"author\":{\"name\":\"Blanca R\u00edos\",\"@id\":\"https:\/\/www.landac.com\/#\/schema\/person\/488541387ae59579606347621e943cbf\"},\"headline\":\"Neues Beitragssystem f\u00fcr Selbstst\u00e4ndige in Spanien\",\"datePublished\":\"2022-11-14T10:44:01+00:00\",\"dateModified\":\"2022-11-14T12:14:02+00:00\",\"mainEntityOfPage\":{\"@id\":\"https:\/\/www.landac.com\/de\/neues-beitragssystem-fur-selbststandige-in-spanien\/\"},\"wordCount\":1084,\"commentCount\":0,\"publisher\":{\"@id\":\"https:\/\/www.landac.com\/#organization\"},\"image\":{\"@id\":\"https:\/\/www.landac.com\/de\/neues-beitragssystem-fur-selbststandige-in-spanien\/#primaryimage\"},\"thumbnailUrl\":\"https:\/\/www.landac.com\/wp-content\/uploads\/2022\/11\/beitragssystem-fur-selbststandige-in-spanien.jpg\",\"articleSection\":[\"Selbstst\u00e4ndig\"],\"inLanguage\":\"de\",\"potentialAction\":[{\"@type\":\"CommentAction\",\"name\":\"Comment\",\"target\":[\"https:\/\/www.landac.com\/de\/neues-beitragssystem-fur-selbststandige-in-spanien\/#respond\"]}]},{\"@type\":\"WebPage\",\"@id\":\"https:\/\/www.landac.com\/de\/neues-beitragssystem-fur-selbststandige-in-spanien\/\",\"url\":\"https:\/\/www.landac.com\/de\/neues-beitragssystem-fur-selbststandige-in-spanien\/\",\"name\":\"Neues Beitragssystem f\u00fcr Selbstst\u00e4ndige in Spanien\",\"isPartOf\":{\"@id\":\"https:\/\/www.landac.com\/#website\"},\"primaryImageOfPage\":{\"@id\":\"https:\/\/www.landac.com\/de\/neues-beitragssystem-fur-selbststandige-in-spanien\/#primaryimage\"},\"image\":{\"@id\":\"https:\/\/www.landac.com\/de\/neues-beitragssystem-fur-selbststandige-in-spanien\/#primaryimage\"},\"thumbnailUrl\":\"https:\/\/www.landac.com\/wp-content\/uploads\/2022\/11\/beitragssystem-fur-selbststandige-in-spanien.jpg\",\"datePublished\":\"2022-11-14T10:44:01+00:00\",\"dateModified\":\"2022-11-14T12:14:02+00:00\",\"description\":\"Was ist neu am Beitragssystem f\u00fcr Selbstst\u00e4ndige in Spanien - wie funktioniert es? Wir kl\u00e4ren alle Zweifel und Fragen 91 564 32 94\",\"breadcrumb\":{\"@id\":\"https:\/\/www.landac.com\/de\/neues-beitragssystem-fur-selbststandige-in-spanien\/#breadcrumb\"},\"inLanguage\":\"de\",\"potentialAction\":[{\"@type\":\"ReadAction\",\"target\":[\"https:\/\/www.landac.com\/de\/neues-beitragssystem-fur-selbststandige-in-spanien\/\"]}]},{\"@type\":\"ImageObject\",\"inLanguage\":\"de\",\"@id\":\"https:\/\/www.landac.com\/de\/neues-beitragssystem-fur-selbststandige-in-spanien\/#primaryimage\",\"url\":\"https:\/\/www.landac.com\/wp-content\/uploads\/2022\/11\/beitragssystem-fur-selbststandige-in-spanien.jpg\",\"contentUrl\":\"https:\/\/www.landac.com\/wp-content\/uploads\/2022\/11\/beitragssystem-fur-selbststandige-in-spanien.jpg\",\"width\":750,\"height\":500,\"caption\":\"Was ist neu am Beitragssystem f\u00fcr Selbstst\u00e4ndige in Spanien im Jahr 2023?\"},{\"@type\":\"BreadcrumbList\",\"@id\":\"https:\/\/www.landac.com\/de\/neues-beitragssystem-fur-selbststandige-in-spanien\/#breadcrumb\",\"itemListElement\":[{\"@type\":\"ListItem\",\"position\":1,\"name\":\"Inicio\",\"item\":\"https:\/\/www.landac.com\/de\/\"},{\"@type\":\"ListItem\",\"position\":2,\"name\":\"Selbstst\u00e4ndig\",\"item\":\"https:\/\/www.landac.com\/de\/category\/selbststaendig\/\"},{\"@type\":\"ListItem\",\"position\":3,\"name\":\"Neues Beitragssystem f\u00fcr Selbstst\u00e4ndige in Spanien\"}]},{\"@type\":\"WebSite\",\"@id\":\"https:\/\/www.landac.com\/#website\",\"url\":\"https:\/\/www.landac.com\/\",\"name\":\"Lawyers &amp; Accountants\",\"description\":\"Asesor\u00eda International, Business Solution.\",\"publisher\":{\"@id\":\"https:\/\/www.landac.com\/#organization\"},\"alternateName\":\"Lawyers and Accountants, asesor\u00eda internacional\",\"potentialAction\":[{\"@type\":\"SearchAction\",\"target\":{\"@type\":\"EntryPoint\",\"urlTemplate\":\"https:\/\/www.landac.com\/?s={search_term_string}\"},\"query-input\":{\"@type\":\"PropertyValueSpecification\",\"valueRequired\":true,\"valueName\":\"search_term_string\"}}],\"inLanguage\":\"de\"},{\"@type\":\"Organization\",\"@id\":\"https:\/\/www.landac.com\/#organization\",\"name\":\"Lawyers & Accountants\",\"alternateName\":\"Lawyers & Accountants\",\"url\":\"https:\/\/www.landac.com\/\",\"logo\":{\"@type\":\"ImageObject\",\"inLanguage\":\"de\",\"@id\":\"https:\/\/www.landac.com\/#\/schema\/logo\/image\/\",\"url\":\"https:\/\/www.landac.com\/wp-content\/uploads\/2020\/06\/gestoria-lowyers-and-accountants.jpg\",\"contentUrl\":\"https:\/\/www.landac.com\/wp-content\/uploads\/2020\/06\/gestoria-lowyers-and-accountants.jpg\",\"width\":992,\"height\":237,\"caption\":\"Lawyers & Accountants\"},\"image\":{\"@id\":\"https:\/\/www.landac.com\/#\/schema\/logo\/image\/\"},\"sameAs\":[\"https:\/\/www.facebook.com\/LawyersandAccountants\",\"https:\/\/x.com\/Landac_asesoria\",\"https:\/\/www.linkedin.com\/company\/lawyers-&amp;-accountants-asesor\u00eda-internacional\",\"https:\/\/www.youtube.com\/channel\/UC1otoKuvs5moN1C4XnzLLGg\"]},{\"@type\":\"Person\",\"@id\":\"https:\/\/www.landac.com\/#\/schema\/person\/488541387ae59579606347621e943cbf\",\"name\":\"Blanca R\u00edos\"}]}<\/script>\n<!-- \/ Yoast SEO plugin. -->","yoast_head_json":{"title":"Neues Beitragssystem f\u00fcr Selbstst\u00e4ndige in Spanien","description":"Was ist neu am Beitragssystem f\u00fcr Selbstst\u00e4ndige in Spanien - wie funktioniert es? Wir kl\u00e4ren alle Zweifel und Fragen 91 564 32 94","robots":{"index":"index","follow":"follow","max-snippet":"max-snippet:-1","max-image-preview":"max-image-preview:large","max-video-preview":"max-video-preview:-1"},"canonical":"https:\/\/www.landac.com\/de\/neues-beitragssystem-fur-selbststandige-in-spanien\/","og_locale":"de_DE","og_type":"article","og_title":"Neues Beitragssystem f\u00fcr Selbstst\u00e4ndige in Spanien","og_description":"Was ist neu am Beitragssystem f\u00fcr Selbstst\u00e4ndige in Spanien - wie funktioniert es? Wir kl\u00e4ren alle Zweifel und Fragen 91 564 32 94","og_url":"https:\/\/www.landac.com\/de\/neues-beitragssystem-fur-selbststandige-in-spanien\/","og_site_name":"Lawyers &amp; Accountants","article_publisher":"https:\/\/www.facebook.com\/LawyersandAccountants","article_published_time":"2022-11-14T10:44:01+00:00","article_modified_time":"2022-11-14T12:14:02+00:00","og_image":[{"width":750,"height":500,"url":"https:\/\/www.landac.com\/wp-content\/uploads\/2022\/11\/beitragssystem-fur-selbststandige-in-spanien.jpg","type":"image\/jpeg"}],"author":"Blanca R\u00edos","twitter_card":"summary_large_image","twitter_creator":"@Landac_asesoria","twitter_site":"@Landac_asesoria","twitter_misc":{"Verfasst von":"Blanca R\u00edos","Gesch\u00e4tzte Lesezeit":"6\u00a0Minuten"},"schema":{"@context":"https:\/\/schema.org","@graph":[{"@type":"Article","@id":"https:\/\/www.landac.com\/de\/neues-beitragssystem-fur-selbststandige-in-spanien\/#article","isPartOf":{"@id":"https:\/\/www.landac.com\/de\/neues-beitragssystem-fur-selbststandige-in-spanien\/"},"author":{"name":"Blanca R\u00edos","@id":"https:\/\/www.landac.com\/#\/schema\/person\/488541387ae59579606347621e943cbf"},"headline":"Neues Beitragssystem f\u00fcr Selbstst\u00e4ndige in Spanien","datePublished":"2022-11-14T10:44:01+00:00","dateModified":"2022-11-14T12:14:02+00:00","mainEntityOfPage":{"@id":"https:\/\/www.landac.com\/de\/neues-beitragssystem-fur-selbststandige-in-spanien\/"},"wordCount":1084,"commentCount":0,"publisher":{"@id":"https:\/\/www.landac.com\/#organization"},"image":{"@id":"https:\/\/www.landac.com\/de\/neues-beitragssystem-fur-selbststandige-in-spanien\/#primaryimage"},"thumbnailUrl":"https:\/\/www.landac.com\/wp-content\/uploads\/2022\/11\/beitragssystem-fur-selbststandige-in-spanien.jpg","articleSection":["Selbstst\u00e4ndig"],"inLanguage":"de","potentialAction":[{"@type":"CommentAction","name":"Comment","target":["https:\/\/www.landac.com\/de\/neues-beitragssystem-fur-selbststandige-in-spanien\/#respond"]}]},{"@type":"WebPage","@id":"https:\/\/www.landac.com\/de\/neues-beitragssystem-fur-selbststandige-in-spanien\/","url":"https:\/\/www.landac.com\/de\/neues-beitragssystem-fur-selbststandige-in-spanien\/","name":"Neues Beitragssystem f\u00fcr Selbstst\u00e4ndige in Spanien","isPartOf":{"@id":"https:\/\/www.landac.com\/#website"},"primaryImageOfPage":{"@id":"https:\/\/www.landac.com\/de\/neues-beitragssystem-fur-selbststandige-in-spanien\/#primaryimage"},"image":{"@id":"https:\/\/www.landac.com\/de\/neues-beitragssystem-fur-selbststandige-in-spanien\/#primaryimage"},"thumbnailUrl":"https:\/\/www.landac.com\/wp-content\/uploads\/2022\/11\/beitragssystem-fur-selbststandige-in-spanien.jpg","datePublished":"2022-11-14T10:44:01+00:00","dateModified":"2022-11-14T12:14:02+00:00","description":"Was ist neu am Beitragssystem f\u00fcr Selbstst\u00e4ndige in Spanien - wie funktioniert es? Wir kl\u00e4ren alle Zweifel und Fragen 91 564 32 94","breadcrumb":{"@id":"https:\/\/www.landac.com\/de\/neues-beitragssystem-fur-selbststandige-in-spanien\/#breadcrumb"},"inLanguage":"de","potentialAction":[{"@type":"ReadAction","target":["https:\/\/www.landac.com\/de\/neues-beitragssystem-fur-selbststandige-in-spanien\/"]}]},{"@type":"ImageObject","inLanguage":"de","@id":"https:\/\/www.landac.com\/de\/neues-beitragssystem-fur-selbststandige-in-spanien\/#primaryimage","url":"https:\/\/www.landac.com\/wp-content\/uploads\/2022\/11\/beitragssystem-fur-selbststandige-in-spanien.jpg","contentUrl":"https:\/\/www.landac.com\/wp-content\/uploads\/2022\/11\/beitragssystem-fur-selbststandige-in-spanien.jpg","width":750,"height":500,"caption":"Was ist neu am Beitragssystem f\u00fcr Selbstst\u00e4ndige in Spanien im Jahr 2023?"},{"@type":"BreadcrumbList","@id":"https:\/\/www.landac.com\/de\/neues-beitragssystem-fur-selbststandige-in-spanien\/#breadcrumb","itemListElement":[{"@type":"ListItem","position":1,"name":"Inicio","item":"https:\/\/www.landac.com\/de\/"},{"@type":"ListItem","position":2,"name":"Selbstst\u00e4ndig","item":"https:\/\/www.landac.com\/de\/category\/selbststaendig\/"},{"@type":"ListItem","position":3,"name":"Neues Beitragssystem f\u00fcr Selbstst\u00e4ndige in Spanien"}]},{"@type":"WebSite","@id":"https:\/\/www.landac.com\/#website","url":"https:\/\/www.landac.com\/","name":"Lawyers &amp; Accountants","description":"Asesor\u00eda International, Business Solution.","publisher":{"@id":"https:\/\/www.landac.com\/#organization"},"alternateName":"Lawyers and Accountants, asesor\u00eda internacional","potentialAction":[{"@type":"SearchAction","target":{"@type":"EntryPoint","urlTemplate":"https:\/\/www.landac.com\/?s={search_term_string}"},"query-input":{"@type":"PropertyValueSpecification","valueRequired":true,"valueName":"search_term_string"}}],"inLanguage":"de"},{"@type":"Organization","@id":"https:\/\/www.landac.com\/#organization","name":"Lawyers & Accountants","alternateName":"Lawyers & Accountants","url":"https:\/\/www.landac.com\/","logo":{"@type":"ImageObject","inLanguage":"de","@id":"https:\/\/www.landac.com\/#\/schema\/logo\/image\/","url":"https:\/\/www.landac.com\/wp-content\/uploads\/2020\/06\/gestoria-lowyers-and-accountants.jpg","contentUrl":"https:\/\/www.landac.com\/wp-content\/uploads\/2020\/06\/gestoria-lowyers-and-accountants.jpg","width":992,"height":237,"caption":"Lawyers & Accountants"},"image":{"@id":"https:\/\/www.landac.com\/#\/schema\/logo\/image\/"},"sameAs":["https:\/\/www.facebook.com\/LawyersandAccountants","https:\/\/x.com\/Landac_asesoria","https:\/\/www.linkedin.com\/company\/lawyers-&amp;-accountants-asesor\u00eda-internacional","https:\/\/www.youtube.com\/channel\/UC1otoKuvs5moN1C4XnzLLGg"]},{"@type":"Person","@id":"https:\/\/www.landac.com\/#\/schema\/person\/488541387ae59579606347621e943cbf","name":"Blanca R\u00edos"}]}},"_links":{"self":[{"href":"https:\/\/www.landac.com\/de\/wp-json\/wp\/v2\/posts\/6991"}],"collection":[{"href":"https:\/\/www.landac.com\/de\/wp-json\/wp\/v2\/posts"}],"about":[{"href":"https:\/\/www.landac.com\/de\/wp-json\/wp\/v2\/types\/post"}],"author":[{"embeddable":true,"href":"https:\/\/www.landac.com\/de\/wp-json\/wp\/v2\/users\/5"}],"replies":[{"embeddable":true,"href":"https:\/\/www.landac.com\/de\/wp-json\/wp\/v2\/comments?post=6991"}],"version-history":[{"count":3,"href":"https:\/\/www.landac.com\/de\/wp-json\/wp\/v2\/posts\/6991\/revisions"}],"predecessor-version":[{"id":7001,"href":"https:\/\/www.landac.com\/de\/wp-json\/wp\/v2\/posts\/6991\/revisions\/7001"}],"wp:featuredmedia":[{"embeddable":true,"href":"https:\/\/www.landac.com\/de\/wp-json\/wp\/v2\/media\/6993"}],"wp:attachment":[{"href":"https:\/\/www.landac.com\/de\/wp-json\/wp\/v2\/media?parent=6991"}],"wp:term":[{"taxonomy":"category","embeddable":true,"href":"https:\/\/www.landac.com\/de\/wp-json\/wp\/v2\/categories?post=6991"},{"taxonomy":"post_tag","embeddable":true,"href":"https:\/\/www.landac.com\/de\/wp-json\/wp\/v2\/tags?post=6991"}],"curies":[{"name":"wp","href":"https:\/\/api.w.org\/{rel}","templated":true}]}}