{"id":7242,"date":"2025-05-19T12:29:27","date_gmt":"2025-05-19T12:29:27","guid":{"rendered":"https:\/\/www.landac.com\/?p=7242"},"modified":"2025-05-19T15:39:41","modified_gmt":"2025-05-19T15:39:41","slug":"landac-und-lla-schliessen-strategische-allianz-zur-umfassenden-rechtlichen-und-unternehmerischen-beratung-in-spanien-und-portugal","status":"publish","type":"post","link":"https:\/\/www.landac.com\/de\/landac-und-lla-schliessen-strategische-allianz-zur-umfassenden-rechtlichen-und-unternehmerischen-beratung-in-spanien-und-portugal\/","title":{"rendered":"LANDAC und LLA schlie\u00dfen strategische Allianz zur umfassenden rechtlichen und unternehmerischen Beratung in Spanien und Portugal"},"content":{"rendered":"\n<p><em>Beide Kanzleien b\u00fcndeln ihre Kr\u00e4fte, um koordinierte, spezialisierte und multijurisdiktionale L\u00f6sungen f\u00fcr Unternehmen und Privatpersonen auf der gesamten Iberischen Halbinsel und den Inselterritorien anzubieten.<\/em><\/p>\n\n\n\n<p><strong>Madrid und Lissabon, 19. Mai 2025<\/strong> \u2013 In einem zunehmend globalisierten, komplexen und vernetzten Gesch\u00e4ftsumfeld haben <strong>LAWYERS AND ACCOUNTANTS (LANDAC)<\/strong>, eine spanische Kanzlei mit \u00fcber zwanzig Jahren Erfahrung in den Bereichen Rechts-, Steuer-, Arbeits- und Buchhaltungsberatung, und <strong>LEGAL LATIN ADVISORS (LLA)<\/strong>, eine portugiesische Boutique-Kanzlei mit B\u00fcros in Lissabon und Porto, eine strategische Allianz geschlossen. Ziel ist es, beidseitig der spanisch-portugiesischen Grenze eine umfassende und effiziente Beratung anzubieten.<\/p>\n\n\n\n<p>Diese Zusammenarbeit reagiert auf eine reale Marktnachfrage: ein Team, das tiefgreifende gesetzliche Kenntnisse in beiden Jurisdiktionen mit einer transnationalen Perspektive vereint, um gesch\u00e4ftliche und pers\u00f6nliche Herausforderungen effektiv zu l\u00f6sen. Die Allianz erm\u00f6glicht beiden Kanzleien, ihre territoriale Reichweite zu erweitern, ihre gemeinsamen F\u00e4higkeiten zu st\u00e4rken und koordinierte sowie auf den iberischen Kontext zugeschnittene rechtliche und steuerliche L\u00f6sungen anzubieten.<\/p>\n\n\n\n<p><strong>\u201eUnsere Mandanten brauchen schnelle, klare und vernetzte Antworten. Diese Allianz erlaubt uns, ihr vertrauensw\u00fcrdiger Partner in Spanien und Portugal zu sein und gleichzeitig ein Tor nach Europa f\u00fcr diejenigen zu \u00f6ffnen, die in diesen L\u00e4ndern investieren oder sich dort niederlassen m\u00f6chten\u201c,<\/strong> erkl\u00e4rt Juan Porras Pedraza, gesch\u00e4ftsf\u00fchrender Partner von LANDAC.<\/p>\n\n\n\n<p><strong>\u201eDie offizielle Besiegelung dieser Zusammenarbeit st\u00e4rkt die Synergien, die wir in den letzten Jahren aufgebaut haben. Unsere Mandanten profitieren von einer integrierten und effektiveren Beratung in beiden L\u00e4ndern\u201c,<\/strong> erg\u00e4nzt Lu\u00eds de Andrade Pinhel, Partner von LLA in Lissabon.<\/p>\n\n\n\n<p><strong>Gemeinsame T\u00e4tigkeitsschwerpunkte:<\/strong><\/p>\n\n\n\n<p>\u2022 Ausl\u00e4nderrecht und Visumverfahren<br>\u2022 Investitionen und Immobilien<br>\u2022 Gesellschafts- und Handelsrecht<br>\u2022 Unternehmensrestrukturierungen<br>\u2022 Fusionen und \u00dcbernahmen (M&amp;A)<br>\u2022 Internationale Besteuerung und steuerliche Compliance<br>\u2022 Arbeitsrechtliche Beratung und Talentmanagement<br>\u2022 Internationale Mobilit\u00e4t und Einb\u00fcrgerungsverfahren<\/p>\n\n\n\n<p><\/p>\n\n\n\n<p><strong>\u00dcber LAWYERS AND ACCOUNTANTS (LANDAC)<\/strong><\/p>\n\n\n\n<p>Mit Sitz in Madrid ist LANDAC eine etablierte Kanzlei f\u00fcr umfassende Beratung von Unternehmen und Privatpersonen. Das multidisziplin\u00e4re Team besteht aus \u00fcber 30 Fachkr\u00e4ften und ist bekannt f\u00fcr sein Engagement f\u00fcr technische Exzellenz, rechtliche Pr\u00e4zision und pers\u00f6nliche N\u00e4he zu den Mandanten.<br>Weitere Informationen: <a href=\"http:\/\/www.landac.com\">www.landac.com<\/a><\/p>\n\n\n\n<p><strong>\u00dcber LEGAL LATIN ADVISORS (LLA)<\/strong><\/p>\n\n\n\n<p>LLA ist eine angesehene portugiesische Anwaltskanzlei mit 4 Partnern und \u00fcber 10 Mitarbeitenden, die rechtliche L\u00f6sungen f\u00fcr komplexe juristische Fragestellungen bietet. Das Team ist in Lissabon und Porto ans\u00e4ssig und arbeitet im gesamten Gebiet der Portugiesischen Republik. Es verf\u00fcgt \u00fcber umfassende Kenntnisse des portugiesischen Rechtssystems und entwickelt innovative L\u00f6sungen f\u00fcr seine Mandanten.<br>Weitere Informationen: <a href=\"http:\/\/www.legallatinadvisors.com\">www.legallatinadvisors.com<\/a><\/p>\n\n\n\n<p><strong>KONTAKTDATEN<\/strong><\/p>\n\n\n\n<p><strong>LAWYERS AND ACCOUNTANTS (LANDAC)<\/strong><br>Calle de Jos\u00e9 Abascal, 58, 2.\u00ba derecha, 28003 Madrid (Spanien)<br>Tel: +34 91 564 32 94<br>E-Mail: clientes@landac.com<br>Ansprechpartner: Juan Porras Pedraza<\/p>\n\n\n\n<p><strong>LEGAL LATIN ADVISORS (LLA)<\/strong><br>Rua Tierno Galvan, Torre 3, 4. Etage, B\u00fcro 409, 1070-274 Lissabon (Portugal)<br>Tel: +351 21 244 55 84<br>E-Mail: contato@legallatinadvisors.com<br>Ansprechpartner: Lu\u00eds de Andrade Pinhel<\/p>\n","protected":false},"excerpt":{"rendered":"<p>Beide Kanzleien b\u00fcndeln ihre Kr\u00e4fte, um koordinierte, spezialisierte und multijurisdiktionale L\u00f6sungen f\u00fcr Unternehmen und Privatpersonen auf der gesamten Iberischen Halbinsel und den Inselterritorien anzubieten.<\/p>\n","protected":false},"author":5,"featured_media":7251,"comment_status":"open","ping_status":"open","sticky":false,"template":"","format":"standard","meta":{"_acf_changed":false,"footnotes":""},"categories":[5],"tags":[],"acf":[],"yoast_head":"<!-- This site is optimized with the Yoast SEO plugin v23.5 - https:\/\/yoast.com\/wordpress\/plugins\/seo\/ -->\n<title>LANDAC und LLA schlie\u00dfen strategische Allianz zur umfassenden rechtlichen und unternehmerischen Beratung in Spanien und Portugal | Lawyers &amp; Accountants<\/title>\n<meta name=\"description\" content=\"Beide Kanzleien b\u00fcndeln ihre Kr\u00e4fte, um koordinierte, spezialisierte und multijurisdiktionale L\u00f6sungen f\u00fcr Unternehmen und Privatpersonen auf der gesamten Iberischen Halbinsel und den Inselterritorien anzubieten.\" \/>\n<meta name=\"robots\" content=\"index, follow, max-snippet:-1, max-image-preview:large, max-video-preview:-1\" \/>\n<link rel=\"canonical\" href=\"https:\/\/www.landac.com\/de\/landac-und-lla-schliessen-strategische-allianz-zur-umfassenden-rechtlichen-und-unternehmerischen-beratung-in-spanien-und-portugal\/\" \/>\n<meta property=\"og:locale\" content=\"de_DE\" \/>\n<meta property=\"og:type\" content=\"article\" \/>\n<meta property=\"og:title\" content=\"LANDAC und LLA schlie\u00dfen strategische Allianz zur umfassenden rechtlichen und unternehmerischen Beratung in Spanien und Portugal | Lawyers &amp; Accountants\" \/>\n<meta property=\"og:description\" content=\"Beide Kanzleien b\u00fcndeln ihre Kr\u00e4fte, um koordinierte, spezialisierte und multijurisdiktionale L\u00f6sungen f\u00fcr Unternehmen und Privatpersonen auf der gesamten Iberischen Halbinsel und den Inselterritorien anzubieten.\" \/>\n<meta property=\"og:url\" content=\"https:\/\/www.landac.com\/de\/landac-und-lla-schliessen-strategische-allianz-zur-umfassenden-rechtlichen-und-unternehmerischen-beratung-in-spanien-und-portugal\/\" \/>\n<meta property=\"og:site_name\" content=\"Lawyers &amp; Accountants\" \/>\n<meta property=\"article:publisher\" content=\"https:\/\/www.facebook.com\/LawyersandAccountants\" \/>\n<meta property=\"article:published_time\" content=\"2025-05-19T12:29:27+00:00\" \/>\n<meta property=\"article:modified_time\" content=\"2025-05-19T15:39:41+00:00\" \/>\n<meta property=\"og:image\" content=\"https:\/\/www.landac.com\/wp-content\/uploads\/2025\/05\/colaboracion-empresas.jpg\" \/>\n\t<meta property=\"og:image:width\" content=\"1920\" \/>\n\t<meta property=\"og:image:height\" content=\"1080\" \/>\n\t<meta property=\"og:image:type\" content=\"image\/jpeg\" \/>\n<meta name=\"author\" content=\"Blanca R\u00edos\" \/>\n<meta name=\"twitter:card\" content=\"summary_large_image\" \/>\n<meta name=\"twitter:creator\" content=\"@Landac_asesoria\" \/>\n<meta name=\"twitter:site\" content=\"@Landac_asesoria\" \/>\n<meta name=\"twitter:label1\" content=\"Verfasst von\" \/>\n\t<meta name=\"twitter:data1\" content=\"Blanca R\u00edos\" \/>\n\t<meta name=\"twitter:label2\" content=\"Gesch\u00e4tzte Lesezeit\" \/>\n\t<meta name=\"twitter:data2\" content=\"3\u00a0Minuten\" \/>\n<script type=\"application\/ld+json\" class=\"yoast-schema-graph\">{\"@context\":\"https:\/\/schema.org\",\"@graph\":[{\"@type\":\"Article\",\"@id\":\"https:\/\/www.landac.com\/de\/landac-und-lla-schliessen-strategische-allianz-zur-umfassenden-rechtlichen-und-unternehmerischen-beratung-in-spanien-und-portugal\/#article\",\"isPartOf\":{\"@id\":\"https:\/\/www.landac.com\/de\/landac-und-lla-schliessen-strategische-allianz-zur-umfassenden-rechtlichen-und-unternehmerischen-beratung-in-spanien-und-portugal\/\"},\"author\":{\"name\":\"Blanca R\u00edos\",\"@id\":\"https:\/\/www.landac.com\/#\/schema\/person\/488541387ae59579606347621e943cbf\"},\"headline\":\"LANDAC und LLA schlie\u00dfen strategische Allianz zur umfassenden rechtlichen und unternehmerischen Beratung in Spanien und Portugal\",\"datePublished\":\"2025-05-19T12:29:27+00:00\",\"dateModified\":\"2025-05-19T15:39:41+00:00\",\"mainEntityOfPage\":{\"@id\":\"https:\/\/www.landac.com\/de\/landac-und-lla-schliessen-strategische-allianz-zur-umfassenden-rechtlichen-und-unternehmerischen-beratung-in-spanien-und-portugal\/\"},\"wordCount\":476,\"commentCount\":0,\"publisher\":{\"@id\":\"https:\/\/www.landac.com\/#organization\"},\"image\":{\"@id\":\"https:\/\/www.landac.com\/de\/landac-und-lla-schliessen-strategische-allianz-zur-umfassenden-rechtlichen-und-unternehmerischen-beratung-in-spanien-und-portugal\/#primaryimage\"},\"thumbnailUrl\":\"https:\/\/www.landac.com\/wp-content\/uploads\/2025\/05\/colaboracion-empresas.jpg\",\"articleSection\":[\"Nachrichten und aktuelle Updates\"],\"inLanguage\":\"de\",\"potentialAction\":[{\"@type\":\"CommentAction\",\"name\":\"Comment\",\"target\":[\"https:\/\/www.landac.com\/de\/landac-und-lla-schliessen-strategische-allianz-zur-umfassenden-rechtlichen-und-unternehmerischen-beratung-in-spanien-und-portugal\/#respond\"]}]},{\"@type\":\"WebPage\",\"@id\":\"https:\/\/www.landac.com\/de\/landac-und-lla-schliessen-strategische-allianz-zur-umfassenden-rechtlichen-und-unternehmerischen-beratung-in-spanien-und-portugal\/\",\"url\":\"https:\/\/www.landac.com\/de\/landac-und-lla-schliessen-strategische-allianz-zur-umfassenden-rechtlichen-und-unternehmerischen-beratung-in-spanien-und-portugal\/\",\"name\":\"LANDAC und LLA schlie\u00dfen strategische Allianz zur umfassenden rechtlichen und unternehmerischen Beratung in Spanien und Portugal | Lawyers &amp; Accountants\",\"isPartOf\":{\"@id\":\"https:\/\/www.landac.com\/#website\"},\"primaryImageOfPage\":{\"@id\":\"https:\/\/www.landac.com\/de\/landac-und-lla-schliessen-strategische-allianz-zur-umfassenden-rechtlichen-und-unternehmerischen-beratung-in-spanien-und-portugal\/#primaryimage\"},\"image\":{\"@id\":\"https:\/\/www.landac.com\/de\/landac-und-lla-schliessen-strategische-allianz-zur-umfassenden-rechtlichen-und-unternehmerischen-beratung-in-spanien-und-portugal\/#primaryimage\"},\"thumbnailUrl\":\"https:\/\/www.landac.com\/wp-content\/uploads\/2025\/05\/colaboracion-empresas.jpg\",\"datePublished\":\"2025-05-19T12:29:27+00:00\",\"dateModified\":\"2025-05-19T15:39:41+00:00\",\"description\":\"Beide Kanzleien b\u00fcndeln ihre Kr\u00e4fte, um koordinierte, spezialisierte und multijurisdiktionale L\u00f6sungen f\u00fcr Unternehmen und Privatpersonen auf der gesamten Iberischen Halbinsel und den Inselterritorien anzubieten.\",\"breadcrumb\":{\"@id\":\"https:\/\/www.landac.com\/de\/landac-und-lla-schliessen-strategische-allianz-zur-umfassenden-rechtlichen-und-unternehmerischen-beratung-in-spanien-und-portugal\/#breadcrumb\"},\"inLanguage\":\"de\",\"potentialAction\":[{\"@type\":\"ReadAction\",\"target\":[\"https:\/\/www.landac.com\/de\/landac-und-lla-schliessen-strategische-allianz-zur-umfassenden-rechtlichen-und-unternehmerischen-beratung-in-spanien-und-portugal\/\"]}]},{\"@type\":\"ImageObject\",\"inLanguage\":\"de\",\"@id\":\"https:\/\/www.landac.com\/de\/landac-und-lla-schliessen-strategische-allianz-zur-umfassenden-rechtlichen-und-unternehmerischen-beratung-in-spanien-und-portugal\/#primaryimage\",\"url\":\"https:\/\/www.landac.com\/wp-content\/uploads\/2025\/05\/colaboracion-empresas.jpg\",\"contentUrl\":\"https:\/\/www.landac.com\/wp-content\/uploads\/2025\/05\/colaboracion-empresas.jpg\",\"width\":1920,\"height\":1080},{\"@type\":\"BreadcrumbList\",\"@id\":\"https:\/\/www.landac.com\/de\/landac-und-lla-schliessen-strategische-allianz-zur-umfassenden-rechtlichen-und-unternehmerischen-beratung-in-spanien-und-portugal\/#breadcrumb\",\"itemListElement\":[{\"@type\":\"ListItem\",\"position\":1,\"name\":\"Inicio\",\"item\":\"https:\/\/www.landac.com\/de\/\"},{\"@type\":\"ListItem\",\"position\":2,\"name\":\"Novedades Lawyers &amp; Accountants\",\"item\":\"https:\/\/www.landac.com\/category\/novedades-avisos-noticias-lawyers-and-accountants-madrid\/\"},{\"@type\":\"ListItem\",\"position\":3,\"name\":\"LANDAC und LLA schlie\u00dfen strategische Allianz zur umfassenden rechtlichen und unternehmerischen Beratung in Spanien und Portugal\"}]},{\"@type\":\"WebSite\",\"@id\":\"https:\/\/www.landac.com\/#website\",\"url\":\"https:\/\/www.landac.com\/\",\"name\":\"Lawyers &amp; Accountants\",\"description\":\"Asesor\u00eda International, Business Solution.\",\"publisher\":{\"@id\":\"https:\/\/www.landac.com\/#organization\"},\"alternateName\":\"Lawyers and Accountants, asesor\u00eda internacional\",\"potentialAction\":[{\"@type\":\"SearchAction\",\"target\":{\"@type\":\"EntryPoint\",\"urlTemplate\":\"https:\/\/www.landac.com\/?s={search_term_string}\"},\"query-input\":{\"@type\":\"PropertyValueSpecification\",\"valueRequired\":true,\"valueName\":\"search_term_string\"}}],\"inLanguage\":\"de\"},{\"@type\":\"Organization\",\"@id\":\"https:\/\/www.landac.com\/#organization\",\"name\":\"Lawyers & Accountants\",\"alternateName\":\"Lawyers & Accountants\",\"url\":\"https:\/\/www.landac.com\/\",\"logo\":{\"@type\":\"ImageObject\",\"inLanguage\":\"de\",\"@id\":\"https:\/\/www.landac.com\/#\/schema\/logo\/image\/\",\"url\":\"https:\/\/www.landac.com\/wp-content\/uploads\/2020\/06\/gestoria-lowyers-and-accountants.jpg\",\"contentUrl\":\"https:\/\/www.landac.com\/wp-content\/uploads\/2020\/06\/gestoria-lowyers-and-accountants.jpg\",\"width\":992,\"height\":237,\"caption\":\"Lawyers & Accountants\"},\"image\":{\"@id\":\"https:\/\/www.landac.com\/#\/schema\/logo\/image\/\"},\"sameAs\":[\"https:\/\/www.facebook.com\/LawyersandAccountants\",\"https:\/\/x.com\/Landac_asesoria\",\"https:\/\/www.linkedin.com\/company\/lawyers-&amp;-accountants-asesor\u00eda-internacional\",\"https:\/\/www.youtube.com\/channel\/UC1otoKuvs5moN1C4XnzLLGg\"]},{\"@type\":\"Person\",\"@id\":\"https:\/\/www.landac.com\/#\/schema\/person\/488541387ae59579606347621e943cbf\",\"name\":\"Blanca R\u00edos\"}]}<\/script>\n<!-- \/ Yoast SEO plugin. -->","yoast_head_json":{"title":"LANDAC und LLA schlie\u00dfen strategische Allianz zur umfassenden rechtlichen und unternehmerischen Beratung in Spanien und Portugal | Lawyers &amp; Accountants","description":"Beide Kanzleien b\u00fcndeln ihre Kr\u00e4fte, um koordinierte, spezialisierte und multijurisdiktionale L\u00f6sungen f\u00fcr Unternehmen und Privatpersonen auf der gesamten Iberischen Halbinsel und den Inselterritorien anzubieten.","robots":{"index":"index","follow":"follow","max-snippet":"max-snippet:-1","max-image-preview":"max-image-preview:large","max-video-preview":"max-video-preview:-1"},"canonical":"https:\/\/www.landac.com\/de\/landac-und-lla-schliessen-strategische-allianz-zur-umfassenden-rechtlichen-und-unternehmerischen-beratung-in-spanien-und-portugal\/","og_locale":"de_DE","og_type":"article","og_title":"LANDAC und LLA schlie\u00dfen strategische Allianz zur umfassenden rechtlichen und unternehmerischen Beratung in Spanien und Portugal | Lawyers &amp; Accountants","og_description":"Beide Kanzleien b\u00fcndeln ihre Kr\u00e4fte, um koordinierte, spezialisierte und multijurisdiktionale L\u00f6sungen f\u00fcr Unternehmen und Privatpersonen auf der gesamten Iberischen Halbinsel und den Inselterritorien anzubieten.","og_url":"https:\/\/www.landac.com\/de\/landac-und-lla-schliessen-strategische-allianz-zur-umfassenden-rechtlichen-und-unternehmerischen-beratung-in-spanien-und-portugal\/","og_site_name":"Lawyers &amp; Accountants","article_publisher":"https:\/\/www.facebook.com\/LawyersandAccountants","article_published_time":"2025-05-19T12:29:27+00:00","article_modified_time":"2025-05-19T15:39:41+00:00","og_image":[{"width":1920,"height":1080,"url":"https:\/\/www.landac.com\/wp-content\/uploads\/2025\/05\/colaboracion-empresas.jpg","type":"image\/jpeg"}],"author":"Blanca R\u00edos","twitter_card":"summary_large_image","twitter_creator":"@Landac_asesoria","twitter_site":"@Landac_asesoria","twitter_misc":{"Verfasst von":"Blanca R\u00edos","Gesch\u00e4tzte Lesezeit":"3\u00a0Minuten"},"schema":{"@context":"https:\/\/schema.org","@graph":[{"@type":"Article","@id":"https:\/\/www.landac.com\/de\/landac-und-lla-schliessen-strategische-allianz-zur-umfassenden-rechtlichen-und-unternehmerischen-beratung-in-spanien-und-portugal\/#article","isPartOf":{"@id":"https:\/\/www.landac.com\/de\/landac-und-lla-schliessen-strategische-allianz-zur-umfassenden-rechtlichen-und-unternehmerischen-beratung-in-spanien-und-portugal\/"},"author":{"name":"Blanca R\u00edos","@id":"https:\/\/www.landac.com\/#\/schema\/person\/488541387ae59579606347621e943cbf"},"headline":"LANDAC und LLA schlie\u00dfen strategische Allianz zur umfassenden rechtlichen und unternehmerischen Beratung in Spanien und Portugal","datePublished":"2025-05-19T12:29:27+00:00","dateModified":"2025-05-19T15:39:41+00:00","mainEntityOfPage":{"@id":"https:\/\/www.landac.com\/de\/landac-und-lla-schliessen-strategische-allianz-zur-umfassenden-rechtlichen-und-unternehmerischen-beratung-in-spanien-und-portugal\/"},"wordCount":476,"commentCount":0,"publisher":{"@id":"https:\/\/www.landac.com\/#organization"},"image":{"@id":"https:\/\/www.landac.com\/de\/landac-und-lla-schliessen-strategische-allianz-zur-umfassenden-rechtlichen-und-unternehmerischen-beratung-in-spanien-und-portugal\/#primaryimage"},"thumbnailUrl":"https:\/\/www.landac.com\/wp-content\/uploads\/2025\/05\/colaboracion-empresas.jpg","articleSection":["Nachrichten und aktuelle Updates"],"inLanguage":"de","potentialAction":[{"@type":"CommentAction","name":"Comment","target":["https:\/\/www.landac.com\/de\/landac-und-lla-schliessen-strategische-allianz-zur-umfassenden-rechtlichen-und-unternehmerischen-beratung-in-spanien-und-portugal\/#respond"]}]},{"@type":"WebPage","@id":"https:\/\/www.landac.com\/de\/landac-und-lla-schliessen-strategische-allianz-zur-umfassenden-rechtlichen-und-unternehmerischen-beratung-in-spanien-und-portugal\/","url":"https:\/\/www.landac.com\/de\/landac-und-lla-schliessen-strategische-allianz-zur-umfassenden-rechtlichen-und-unternehmerischen-beratung-in-spanien-und-portugal\/","name":"LANDAC und LLA schlie\u00dfen strategische Allianz zur umfassenden rechtlichen und unternehmerischen Beratung in Spanien und Portugal | Lawyers &amp; Accountants","isPartOf":{"@id":"https:\/\/www.landac.com\/#website"},"primaryImageOfPage":{"@id":"https:\/\/www.landac.com\/de\/landac-und-lla-schliessen-strategische-allianz-zur-umfassenden-rechtlichen-und-unternehmerischen-beratung-in-spanien-und-portugal\/#primaryimage"},"image":{"@id":"https:\/\/www.landac.com\/de\/landac-und-lla-schliessen-strategische-allianz-zur-umfassenden-rechtlichen-und-unternehmerischen-beratung-in-spanien-und-portugal\/#primaryimage"},"thumbnailUrl":"https:\/\/www.landac.com\/wp-content\/uploads\/2025\/05\/colaboracion-empresas.jpg","datePublished":"2025-05-19T12:29:27+00:00","dateModified":"2025-05-19T15:39:41+00:00","description":"Beide Kanzleien b\u00fcndeln ihre Kr\u00e4fte, um koordinierte, spezialisierte und multijurisdiktionale L\u00f6sungen f\u00fcr Unternehmen und Privatpersonen auf der gesamten Iberischen Halbinsel und den Inselterritorien anzubieten.","breadcrumb":{"@id":"https:\/\/www.landac.com\/de\/landac-und-lla-schliessen-strategische-allianz-zur-umfassenden-rechtlichen-und-unternehmerischen-beratung-in-spanien-und-portugal\/#breadcrumb"},"inLanguage":"de","potentialAction":[{"@type":"ReadAction","target":["https:\/\/www.landac.com\/de\/landac-und-lla-schliessen-strategische-allianz-zur-umfassenden-rechtlichen-und-unternehmerischen-beratung-in-spanien-und-portugal\/"]}]},{"@type":"ImageObject","inLanguage":"de","@id":"https:\/\/www.landac.com\/de\/landac-und-lla-schliessen-strategische-allianz-zur-umfassenden-rechtlichen-und-unternehmerischen-beratung-in-spanien-und-portugal\/#primaryimage","url":"https:\/\/www.landac.com\/wp-content\/uploads\/2025\/05\/colaboracion-empresas.jpg","contentUrl":"https:\/\/www.landac.com\/wp-content\/uploads\/2025\/05\/colaboracion-empresas.jpg","width":1920,"height":1080},{"@type":"BreadcrumbList","@id":"https:\/\/www.landac.com\/de\/landac-und-lla-schliessen-strategische-allianz-zur-umfassenden-rechtlichen-und-unternehmerischen-beratung-in-spanien-und-portugal\/#breadcrumb","itemListElement":[{"@type":"ListItem","position":1,"name":"Inicio","item":"https:\/\/www.landac.com\/de\/"},{"@type":"ListItem","position":2,"name":"Novedades Lawyers &amp; Accountants","item":"https:\/\/www.landac.com\/category\/novedades-avisos-noticias-lawyers-and-accountants-madrid\/"},{"@type":"ListItem","position":3,"name":"LANDAC und LLA schlie\u00dfen strategische Allianz zur umfassenden rechtlichen und unternehmerischen Beratung in Spanien und Portugal"}]},{"@type":"WebSite","@id":"https:\/\/www.landac.com\/#website","url":"https:\/\/www.landac.com\/","name":"Lawyers &amp; Accountants","description":"Asesor\u00eda International, Business Solution.","publisher":{"@id":"https:\/\/www.landac.com\/#organization"},"alternateName":"Lawyers and Accountants, asesor\u00eda internacional","potentialAction":[{"@type":"SearchAction","target":{"@type":"EntryPoint","urlTemplate":"https:\/\/www.landac.com\/?s={search_term_string}"},"query-input":{"@type":"PropertyValueSpecification","valueRequired":true,"valueName":"search_term_string"}}],"inLanguage":"de"},{"@type":"Organization","@id":"https:\/\/www.landac.com\/#organization","name":"Lawyers & Accountants","alternateName":"Lawyers & Accountants","url":"https:\/\/www.landac.com\/","logo":{"@type":"ImageObject","inLanguage":"de","@id":"https:\/\/www.landac.com\/#\/schema\/logo\/image\/","url":"https:\/\/www.landac.com\/wp-content\/uploads\/2020\/06\/gestoria-lowyers-and-accountants.jpg","contentUrl":"https:\/\/www.landac.com\/wp-content\/uploads\/2020\/06\/gestoria-lowyers-and-accountants.jpg","width":992,"height":237,"caption":"Lawyers & Accountants"},"image":{"@id":"https:\/\/www.landac.com\/#\/schema\/logo\/image\/"},"sameAs":["https:\/\/www.facebook.com\/LawyersandAccountants","https:\/\/x.com\/Landac_asesoria","https:\/\/www.linkedin.com\/company\/lawyers-&amp;-accountants-asesor\u00eda-internacional","https:\/\/www.youtube.com\/channel\/UC1otoKuvs5moN1C4XnzLLGg"]},{"@type":"Person","@id":"https:\/\/www.landac.com\/#\/schema\/person\/488541387ae59579606347621e943cbf","name":"Blanca R\u00edos"}]}},"_links":{"self":[{"href":"https:\/\/www.landac.com\/de\/wp-json\/wp\/v2\/posts\/7242"}],"collection":[{"href":"https:\/\/www.landac.com\/de\/wp-json\/wp\/v2\/posts"}],"about":[{"href":"https:\/\/www.landac.com\/de\/wp-json\/wp\/v2\/types\/post"}],"author":[{"embeddable":true,"href":"https:\/\/www.landac.com\/de\/wp-json\/wp\/v2\/users\/5"}],"replies":[{"embeddable":true,"href":"https:\/\/www.landac.com\/de\/wp-json\/wp\/v2\/comments?post=7242"}],"version-history":[{"count":3,"href":"https:\/\/www.landac.com\/de\/wp-json\/wp\/v2\/posts\/7242\/revisions"}],"predecessor-version":[{"id":7255,"href":"https:\/\/www.landac.com\/de\/wp-json\/wp\/v2\/posts\/7242\/revisions\/7255"}],"wp:featuredmedia":[{"embeddable":true,"href":"https:\/\/www.landac.com\/de\/wp-json\/wp\/v2\/media\/7251"}],"wp:attachment":[{"href":"https:\/\/www.landac.com\/de\/wp-json\/wp\/v2\/media?parent=7242"}],"wp:term":[{"taxonomy":"category","embeddable":true,"href":"https:\/\/www.landac.com\/de\/wp-json\/wp\/v2\/categories?post=7242"},{"taxonomy":"post_tag","embeddable":true,"href":"https:\/\/www.landac.com\/de\/wp-json\/wp\/v2\/tags?post=7242"}],"curies":[{"name":"wp","href":"https:\/\/api.w.org\/{rel}","templated":true}]}}