{"id":6983,"date":"2022-11-14T10:27:18","date_gmt":"2022-11-14T10:27:18","guid":{"rendered":"https:\/\/www.landac.com\/?p=6983"},"modified":"2022-11-14T10:27:19","modified_gmt":"2022-11-14T10:27:19","slug":"nouveau-systeme-de-quotas-pour-les-travailleurs-independants-en-espagne-2023-2031","status":"publish","type":"post","link":"https:\/\/www.landac.com\/fr\/nouveau-systeme-de-quotas-pour-les-travailleurs-independants-en-espagne-2023-2031\/","title":{"rendered":"Nouveau syst\u00e8me de cotisation pour les ind\u00e9pendants en Espagne"},"content":{"rendered":"\n<div style=\"height:35px\" aria-hidden=\"true\" class=\"wp-block-spacer\"><\/div>\n\n\n\n<h2 class=\"wp-block-heading\">Qu&rsquo;est-ce que le nouveau syst\u00e8me de quotas pour les ind\u00e9pendants et en quoi cela vous concerne-t-il ?<\/h2>\n\n\n\n<p>Le d\u00e9cret-loi royal 13\/2022, adopt\u00e9 le 27 juillet, a \u00e9tabli un nouveau syst\u00e8me de cotisation pour les travailleurs inclus dans le r\u00e9gime d&rsquo;assurance maladie.<br>R\u00e9gime sp\u00e9cial des travailleurs ind\u00e9pendants bas\u00e9 sur le revenu net obtenu annuellement de l&rsquo;activit\u00e9 \u00e9conomique, commerciale ou professionnelle, par opposition au syst\u00e8me \u00e9tabli jusqu&rsquo;\u00e0 pr\u00e9sent dans lequel, avec certaines limitations, la base de cotisation \u00e9tait choisie ind\u00e9pendamment du revenu. <\/p>\n\n\n\n<p>L&rsquo;amendement prendra effet \u00e0 partir de 2023. A Les changements les plus pertinents sont \u00e9num\u00e9r\u00e9s ci-dessous.<\/p>\n\n\n\n<div style=\"height:35px\" aria-hidden=\"true\" class=\"wp-block-spacer\"><\/div>\n\n\n\n<p>Nous r\u00e9sumons le fonctionnement du nouveau syst\u00e8me de cotisation pour les ind\u00e9pendants :<\/p>\n\n\n\n<p>1) Avant le d\u00e9but de l&rsquo;ann\u00e9e, le travailleur ind\u00e9pendant<strong> choisit la base de cotisation mensuelle<\/strong> qui correspond \u00e0 sa pr\u00e9vision de la moyenne mensuelle de son revenu net annuel dans le cadre du tableau g\u00e9n\u00e9ral des bases (1) qui sera \u00e9tabli par la loi de finances chaque ann\u00e9e.<\/p>\n\n\n\n<p>2) En cours d&rsquo;ann\u00e9e, si l&rsquo;estimation de votre revenu mensuel change, vous pouvez demander autant de changements de base que n\u00e9cessaire. Cette demande peut \u00eatre faite jusqu&rsquo;\u00e0 6 fois par an et sera effective dans la p\u00e9riode de deux mois qui suit imm\u00e9diatement.<\/p>\n\n\n\n<p>3) En tout \u00e9tat de cause, l<strong>es bases choisies sont provisoires jusqu&rsquo;\u00e0 leur r\u00e9gularisation<\/strong>.<\/p>\n\n\n\n<p>4) Le travailleur inscrit comme ind\u00e9pendant est tenu de remplir une d\u00e9claration d&rsquo;imp\u00f4t sur le revenu.<\/p>\n\n\n\n<p>5) La r\u00e9gularisation de la cotisation, en vue de d\u00e9terminer les bases de cotisation et les cotisations mensuelles d\u00e9finitives pour l&rsquo;ann\u00e9e correspondante, sera effectu\u00e9e sur la base du revenu annuel une fois obtenu et communiqu\u00e9 par l&rsquo;Administration fiscale \u00e0 partir de l&rsquo;ann\u00e9e suivante. Les bases finales de la contribution sont constitu\u00e9es de :<\/p>\n\n\n\n<p>a) Professionnels : Revenus provenant de toutes les activit\u00e9s \u00e9conomiques, commerciales ou professionnelles exerc\u00e9es par les ind\u00e9pendants au cours de chaque exercice, que ce soit \u00e0 titre individuel ou en tant qu&rsquo;associ\u00e9 ou membre de tout type d&rsquo;entit\u00e9, conform\u00e9ment aux dispositions des r\u00e8gles de l&rsquo;imp\u00f4t sur le revenu des personnes physiques.<\/p>\n\n\n\n<p>b) Salari\u00e9s de l&rsquo;entreprise : Revenu int\u00e9gral d\u00e9riv\u00e9 de la participation au capital des entit\u00e9s dans lesquelles ils d\u00e9tiennent, \u00e0 la date de la r\u00e9gularisation de l&rsquo;imp\u00f4t sur les soci\u00e9t\u00e9s, une participation \u00e9gale ou sup\u00e9rieure \u00e0 33% du capital social ou ayant la qualit\u00e9 de directeur, une participation \u00e9gale ou sup\u00e9rieure \u00e0 25%, ainsi que le revenu total gagn\u00e9 d\u00e9riv\u00e9 de leur activit\u00e9 dans ces entit\u00e9s.<\/p>\n\n\n\n<p>c) Montant des cotisations de s\u00e9curit\u00e9 sociale.<\/p>\n\n\n\n<p>d) D\u00e9duction pour les d\u00e9penses g\u00e9n\u00e9riques de 7% pour les professionnels et de 3% pour les employ\u00e9s de l&rsquo;entreprise.<\/p>\n\n\n\n<p>6) Une fois le montant des revenus d\u00e9termin\u00e9, il est r\u00e9parti proportionnellement sur la p\u00e9riode \u00e0 r\u00e9gulariser (2) et les bases d\u00e9finitives sont d\u00e9termin\u00e9es.<\/p>\n\n\n\n<p>a) Si le revenu moyen se situe dans la tranche correspondant \u00e0 l&rsquo;assiette provisoire, aucun ajustement n&rsquo;est effectu\u00e9 et l&rsquo;assiette provisoire devient d\u00e9finitive.<\/p>\n\n\n\n<p>b) Si le revenu moyen se situe dans une tranche sup\u00e9rieure \u00e0 la base provisoire, la base minimale de la tranche de revenu correspondante est appliqu\u00e9e comme un minimum, et les autorit\u00e9s de s\u00e9curit\u00e9 sociale doivent et la S\u00e9curit\u00e9 sociale \u00e9met un r\u00e8glement compl\u00e9mentaire pour les diff\u00e9rences sans majoration. diff\u00e9rences sans surcharge.<\/p>\n\n\n\n<p>c) Si le revenu moyen se situe dans une tranche inf\u00e9rieure \u00e0 la base provisoire, la base maximale de la tranche correspondant au revenu sera appliqu\u00e9e et la S\u00e9curit\u00e9 sociale remboursera automatiquement les diff\u00e9rences avant le 30 avril de l&rsquo;exercice suivant celui o\u00f9 les bases d\u00e9finitives ont \u00e9t\u00e9 d\u00e9termin\u00e9es.<\/p>\n\n\n\n<div style=\"height:35px\" aria-hidden=\"true\" class=\"wp-block-spacer\"><\/div>\n\n\n\n<p><mark style=\"background-color:rgba(0, 0, 0, 0)\" class=\"has-inline-color has-black-color\">(1) Les travailleurs ind\u00e9pendants qui ne sont pas inclus dans ce r\u00e9gime en tant que membres de la famille d&rsquo;un travailleur ind\u00e9pendant ou en tant qu&rsquo;administrateur ou partenaire de travail peuvent \u00e9galement opter pour le tableau des bases r\u00e9duites s&rsquo;ils pr\u00e9voient que leur revenu mensuel moyen ne d\u00e9passera pas le SMI.<\/mark><\/p>\n\n\n\n<p><mark style=\"background-color:rgba(0, 0, 0, 0)\" class=\"has-inline-color has-black-color\">(2) La base de cotisation mensuelle appliqu\u00e9e pendant les mois de perception des prestations pour incapacit\u00e9 temporaire, risque pendant la grossesse, risque pendant l&rsquo;allaitement, naissance et soins d&rsquo;un mineur et soins coresponsables du nourrisson, ainsi que pour la cessation d&rsquo;activit\u00e9 ou pour la p\u00e9rennit\u00e9 de l&rsquo;activit\u00e9, dans les cas o\u00f9 ils doivent rester inscrits comme travailleurs ind\u00e9pendants, deviendra d\u00e9finitive et, par cons\u00e9quent, ne sera pas soumise \u00e0 r\u00e9gularisation.<\/mark><\/p>\n\n\n\n<div style=\"height:35px\" aria-hidden=\"true\" class=\"wp-block-spacer\"><\/div>\n\n\n\n<h2 class=\"wp-block-heading\">Tableau des bases de revenus et de cotisations des ind\u00e9pendants espagnols en 2023<\/h2>\n\n\n\n<div style=\"height:35px\" aria-hidden=\"true\" class=\"wp-block-spacer\"><\/div>\n\n\n\n<figure class=\"wp-block-image size-full\"><img loading=\"lazy\" decoding=\"async\" width=\"1056\" height=\"452\" src=\"https:\/\/www.landac.com\/wp-content\/uploads\/2022\/11\/nueva-cuota-de-autonomos-2023.jpg\" alt=\"Nouveau syst\u00e8me de quotas pour les ind\u00e9pendants 2023-2031\" class=\"wp-image-6952\" title=\"Nouveau syst\u00e8me de quotas pour les ind\u00e9pendants 2023-2031\" srcset=\"https:\/\/www.landac.com\/wp-content\/uploads\/2022\/11\/nueva-cuota-de-autonomos-2023.jpg 1056w, https:\/\/www.landac.com\/wp-content\/uploads\/2022\/11\/nueva-cuota-de-autonomos-2023-200x86.jpg 200w\" sizes=\"(max-width: 1056px) 100vw, 1056px\" \/><figcaption>Nouveau syst\u00e8me de quotas pour les ind\u00e9pendants 2023-2031<\/figcaption><\/figure>\n\n\n\n<div style=\"height:36px\" aria-hidden=\"true\" class=\"wp-block-spacer\"><\/div>\n\n\n\n<p>Exemple :<\/p>\n\n\n\n<p>1)Jean demande une base de cotisation mensuelle provisoire de 1 050 \u20ac (dans la tranche 5). Le site 1.050,00 x 30,60% = 321,30 \u20ac.<\/p>\n\n\n\n<p>2) Une fois que vous avez rempli votre d\u00e9claration d&rsquo;imp\u00f4t sur le revenu des personnes physiques, le revenu net est de 40 000 \u20ac. Une d\u00e9cote de 7 % (2 800 \u20ac) est appliqu\u00e9e \u00e0 ce revenu et les cotisations des ind\u00e9pendants sont ajout\u00e9es (321,30 \u20ac x 12 = 3 855,60 \u20ac). Le r\u00e9sultat est de 41 055,60 \u20ac. Ce r\u00e9sultat est calcul\u00e9 en moyenne sur 12 mois comme il n&rsquo;y a pas eu de mois sans r\u00e9gularisation (maladie, garde d&rsquo;enfants, etc.) : 41.055,60 \u20ac\/12 = 3.421,30 \u20ac.<\/p>\n\n\n\n<p>3) Le rendement moyen de 3 421,30 \u20ac se situe dans la tranche 9, donc, dans le cas de Juan, la base minimale de cette tranche, 1 209,15 \u20ac, sera appliqu\u00e9e comme d\u00e9finitive pour 2023 et la S\u00e9curit\u00e9 sociale \u00e9mettra un r\u00e8glement compl\u00e9mentaire pour la diff\u00e9rence de cotisations entre les bases provisoires et d\u00e9finitives.<\/p>\n\n\n\n<div style=\"height:35px\" aria-hidden=\"true\" class=\"wp-block-spacer\"><\/div>\n\n\n\n<h2 class=\"wp-block-heading\">Remises sur les quotas<\/h2>\n\n\n\n<p>Les travailleurs ind\u00e9pendants qui sont inscrits pour la premi\u00e8re fois ou qui n&rsquo;ont pas \u00e9t\u00e9 inscrits au cours des deux ann\u00e9es imm\u00e9diatement pr\u00e9c\u00e9dentes (trois ans si des primes ont \u00e9t\u00e9 appliqu\u00e9es pr\u00e9c\u00e9demment) seront soumis aux quotas suivants :<\/p>\n\n\n\n<ol><li>Au cours des 12 premiers mois, une contribution de 80 \u20ac.<\/li><li>Pour les 12 mois suivants, une contribution de 80 \u20ac, \u00e0 condition qu&rsquo;ils n&rsquo;aient pas obtenu, au cours de la ou des ann\u00e9es civiles couvertes par cette deuxi\u00e8me p\u00e9riode, un revenu net sup\u00e9rieur au SMI.<\/li><\/ol>\n\n\n\n<div style=\"height:35px\" aria-hidden=\"true\" class=\"wp-block-spacer\"><\/div>\n\n\n\n<h2 class=\"wp-block-heading\">P\u00e9riode transitoire<\/h2>\n\n\n\n<p>Les travailleurs ind\u00e9pendants continueront \u00e0 payer des cotisations pendant l&rsquo;ann\u00e9e 2023 \u00e0 l&rsquo;assiette qui leur correspondrait en janvier, en fonction de l&rsquo;assiette dont ils disposent d\u00e9j\u00e0 en 2022, jusqu&rsquo;\u00e0 ce qu&rsquo;ils exercent leur option pour une nouvelle assiette en fonction de leurs revenus.<\/p>\n\n\n\n<p>Le forfait et les autres avantages qui s&rsquo;appliquent aux cotisations actuelles des ind\u00e9pendants continueront \u00e0 \u00eatre appliqu\u00e9s dans les m\u00eames conditions jusqu&rsquo;\u00e0 l&rsquo;\u00e9puisement des p\u00e9riodes maximales pr\u00e9vues pour leur application.<\/p>\n\n\n\n<p>Les travailleurs ind\u00e9pendants qui, au 31\/12\/2022, payaient des cotisations sur une base de cotisation plus \u00e9lev\u00e9e que celle qui leur correspondrait en fonction de leurs revenus peuvent maintenir cette base de cotisation, ou une base inf\u00e9rieure, m\u00eame si leurs revenus d\u00e9terminent l&rsquo;application d&rsquo;une base de cotisation inf\u00e9rieure \u00e0 l&rsquo;une ou l&rsquo;autre. Il est important d&rsquo;en tenir compte si vous devez maintenir une base de cotisation plus \u00e9lev\u00e9e que celle qui correspondrait \u00e0 vos revenus, car une fois le nouveau syst\u00e8me mis en \u0153uvre, vous ne pourrez pas \u00ab\u00a0choisir\u00a0\u00bb votre base de cotisation finale.<\/p>\n\n\n\n<div style=\"height:35px\" aria-hidden=\"true\" class=\"wp-block-spacer\"><\/div>\n\n\n\n<div class=\"wp-block-media-text alignwide is-stacked-on-mobile\"><figure class=\"wp-block-media-text__media\"><img loading=\"lazy\" decoding=\"async\" width=\"450\" height=\"450\" src=\"https:\/\/www.landac.com\/wp-content\/uploads\/2022\/11\/nueva-cuota-autonomos-2023-te-asesoramos.jpg\" alt=\"\" class=\"wp-image-6957 size-full\" srcset=\"https:\/\/www.landac.com\/wp-content\/uploads\/2022\/11\/nueva-cuota-autonomos-2023-te-asesoramos.jpg 450w, https:\/\/www.landac.com\/wp-content\/uploads\/2022\/11\/nueva-cuota-autonomos-2023-te-asesoramos-200x200.jpg 200w, https:\/\/www.landac.com\/wp-content\/uploads\/2022\/11\/nueva-cuota-autonomos-2023-te-asesoramos-150x150.jpg 150w\" sizes=\"(max-width: 450px) 100vw, 450px\" \/><\/figure><div class=\"wp-block-media-text__content\">\n<p style=\"font-size:24px\"><strong>Vous \u00eates ind\u00e9pendant ? Comment les nouveaux droits des ind\u00e9pendants 2023 vous concernent-ils ? Avez-vous besoin d&rsquo;aide ?<\/strong><\/p>\n\n\n\n<div style=\"height:22px\" aria-hidden=\"true\" class=\"wp-block-spacer\"><\/div>\n\n\n\n<div class=\"wp-block-buttons is-layout-flex wp-block-buttons-is-layout-flex\">\n<div class=\"wp-block-button is-style-fill\"><a class=\"wp-block-button__link has-background\" href=\"https:\/\/www.landac.com\/fr\/contacts-cabinet-d-avocats-madrid\/\" style=\"border-radius:0px;background-color:#840808\" target=\"_blank\" rel=\"noreferrer noopener\">CONTACTER<\/a><\/div>\n<\/div>\n<\/div><\/div>\n","protected":false},"excerpt":{"rendered":"<p>D\u00e9couvrez tous les changements et les nouveaut\u00e9s du nouveau syst\u00e8me de cotisation pour les ind\u00e9pendants 2023-2031 et comment le taux forfaitaire sera appliqu\u00e9.<\/p>\n","protected":false},"author":5,"featured_media":6985,"comment_status":"open","ping_status":"open","sticky":false,"template":"","format":"standard","meta":{"_acf_changed":false,"footnotes":""},"categories":[97],"tags":[],"acf":[],"yoast_head":"<!-- This site is optimized with the Yoast SEO plugin v23.5 - https:\/\/yoast.com\/wordpress\/plugins\/seo\/ -->\n<title>Nouveau syst\u00e8me de cotisation pour les ind\u00e9pendants en Espagne<\/title>\n<meta name=\"description\" content=\"Quelles sont les nouveaut\u00e9s du syst\u00e8me de cotisation pour les ind\u00e9pendants en Espagne, Comment fonctionne-t-il ?\" \/>\n<meta name=\"robots\" content=\"index, follow, max-snippet:-1, max-image-preview:large, max-video-preview:-1\" \/>\n<link rel=\"canonical\" href=\"https:\/\/www.landac.com\/fr\/nouveau-systeme-de-quotas-pour-les-travailleurs-independants-en-espagne-2023-2031\/\" \/>\n<meta property=\"og:locale\" content=\"fr_FR\" \/>\n<meta property=\"og:type\" content=\"article\" \/>\n<meta property=\"og:title\" content=\"Nouveau syst\u00e8me de cotisation pour les ind\u00e9pendants en Espagne\" \/>\n<meta property=\"og:description\" content=\"Quelles sont les nouveaut\u00e9s du syst\u00e8me de cotisation pour les ind\u00e9pendants en Espagne, Comment fonctionne-t-il ?\" \/>\n<meta property=\"og:url\" content=\"https:\/\/www.landac.com\/fr\/nouveau-systeme-de-quotas-pour-les-travailleurs-independants-en-espagne-2023-2031\/\" \/>\n<meta property=\"og:site_name\" content=\"Lawyers &amp; Accountants\" \/>\n<meta property=\"article:publisher\" content=\"https:\/\/www.facebook.com\/LawyersandAccountants\" \/>\n<meta property=\"article:published_time\" content=\"2022-11-14T10:27:18+00:00\" \/>\n<meta property=\"article:modified_time\" content=\"2022-11-14T10:27:19+00:00\" \/>\n<meta property=\"og:image\" content=\"https:\/\/www.landac.com\/wp-content\/uploads\/2022\/11\/systeme-de-cotisations-pour-les-independants-en-espagne.jpg\" \/>\n\t<meta property=\"og:image:width\" content=\"750\" \/>\n\t<meta property=\"og:image:height\" content=\"500\" \/>\n\t<meta property=\"og:image:type\" content=\"image\/jpeg\" \/>\n<meta name=\"author\" content=\"Blanca R\u00edos\" \/>\n<meta name=\"twitter:card\" content=\"summary_large_image\" \/>\n<meta name=\"twitter:creator\" content=\"@Landac_asesoria\" \/>\n<meta name=\"twitter:site\" content=\"@Landac_asesoria\" \/>\n<meta name=\"twitter:label1\" content=\"\u00c9crit par\" \/>\n\t<meta name=\"twitter:data1\" content=\"Blanca R\u00edos\" \/>\n\t<meta name=\"twitter:label2\" content=\"Dur\u00e9e de lecture estim\u00e9e\" \/>\n\t<meta name=\"twitter:data2\" content=\"6 minutes\" \/>\n<script type=\"application\/ld+json\" class=\"yoast-schema-graph\">{\"@context\":\"https:\/\/schema.org\",\"@graph\":[{\"@type\":\"Article\",\"@id\":\"https:\/\/www.landac.com\/fr\/nouveau-systeme-de-quotas-pour-les-travailleurs-independants-en-espagne-2023-2031\/#article\",\"isPartOf\":{\"@id\":\"https:\/\/www.landac.com\/fr\/nouveau-systeme-de-quotas-pour-les-travailleurs-independants-en-espagne-2023-2031\/\"},\"author\":{\"name\":\"Blanca R\u00edos\",\"@id\":\"https:\/\/www.landac.com\/#\/schema\/person\/488541387ae59579606347621e943cbf\"},\"headline\":\"Nouveau syst\u00e8me de cotisation pour les ind\u00e9pendants en Espagne\",\"datePublished\":\"2022-11-14T10:27:18+00:00\",\"dateModified\":\"2022-11-14T10:27:19+00:00\",\"mainEntityOfPage\":{\"@id\":\"https:\/\/www.landac.com\/fr\/nouveau-systeme-de-quotas-pour-les-travailleurs-independants-en-espagne-2023-2031\/\"},\"wordCount\":1216,\"commentCount\":0,\"publisher\":{\"@id\":\"https:\/\/www.landac.com\/#organization\"},\"image\":{\"@id\":\"https:\/\/www.landac.com\/fr\/nouveau-systeme-de-quotas-pour-les-travailleurs-independants-en-espagne-2023-2031\/#primaryimage\"},\"thumbnailUrl\":\"https:\/\/www.landac.com\/wp-content\/uploads\/2022\/11\/systeme-de-cotisations-pour-les-independants-en-espagne.jpg\",\"articleSection\":[\"Travailleurs ind\u00e9pendants\"],\"inLanguage\":\"fr-FR\",\"potentialAction\":[{\"@type\":\"CommentAction\",\"name\":\"Comment\",\"target\":[\"https:\/\/www.landac.com\/fr\/nouveau-systeme-de-quotas-pour-les-travailleurs-independants-en-espagne-2023-2031\/#respond\"]}]},{\"@type\":\"WebPage\",\"@id\":\"https:\/\/www.landac.com\/fr\/nouveau-systeme-de-quotas-pour-les-travailleurs-independants-en-espagne-2023-2031\/\",\"url\":\"https:\/\/www.landac.com\/fr\/nouveau-systeme-de-quotas-pour-les-travailleurs-independants-en-espagne-2023-2031\/\",\"name\":\"Nouveau syst\u00e8me de cotisation pour les ind\u00e9pendants en Espagne\",\"isPartOf\":{\"@id\":\"https:\/\/www.landac.com\/#website\"},\"primaryImageOfPage\":{\"@id\":\"https:\/\/www.landac.com\/fr\/nouveau-systeme-de-quotas-pour-les-travailleurs-independants-en-espagne-2023-2031\/#primaryimage\"},\"image\":{\"@id\":\"https:\/\/www.landac.com\/fr\/nouveau-systeme-de-quotas-pour-les-travailleurs-independants-en-espagne-2023-2031\/#primaryimage\"},\"thumbnailUrl\":\"https:\/\/www.landac.com\/wp-content\/uploads\/2022\/11\/systeme-de-cotisations-pour-les-independants-en-espagne.jpg\",\"datePublished\":\"2022-11-14T10:27:18+00:00\",\"dateModified\":\"2022-11-14T10:27:19+00:00\",\"description\":\"Quelles sont les nouveaut\u00e9s du syst\u00e8me de cotisation pour les ind\u00e9pendants en Espagne, Comment fonctionne-t-il ?\",\"breadcrumb\":{\"@id\":\"https:\/\/www.landac.com\/fr\/nouveau-systeme-de-quotas-pour-les-travailleurs-independants-en-espagne-2023-2031\/#breadcrumb\"},\"inLanguage\":\"fr-FR\",\"potentialAction\":[{\"@type\":\"ReadAction\",\"target\":[\"https:\/\/www.landac.com\/fr\/nouveau-systeme-de-quotas-pour-les-travailleurs-independants-en-espagne-2023-2031\/\"]}]},{\"@type\":\"ImageObject\",\"inLanguage\":\"fr-FR\",\"@id\":\"https:\/\/www.landac.com\/fr\/nouveau-systeme-de-quotas-pour-les-travailleurs-independants-en-espagne-2023-2031\/#primaryimage\",\"url\":\"https:\/\/www.landac.com\/wp-content\/uploads\/2022\/11\/systeme-de-cotisations-pour-les-independants-en-espagne.jpg\",\"contentUrl\":\"https:\/\/www.landac.com\/wp-content\/uploads\/2022\/11\/systeme-de-cotisations-pour-les-independants-en-espagne.jpg\",\"width\":750,\"height\":500,\"caption\":\"Quelles sont les nouveaut\u00e9s du syst\u00e8me de cotisations pour les ind\u00e9pendants en Espagne en 2023 ?\"},{\"@type\":\"BreadcrumbList\",\"@id\":\"https:\/\/www.landac.com\/fr\/nouveau-systeme-de-quotas-pour-les-travailleurs-independants-en-espagne-2023-2031\/#breadcrumb\",\"itemListElement\":[{\"@type\":\"ListItem\",\"position\":1,\"name\":\"Inicio\",\"item\":\"https:\/\/www.landac.com\/fr\/\"},{\"@type\":\"ListItem\",\"position\":2,\"name\":\"Selbstst\u00e4ndig\",\"item\":\"https:\/\/www.landac.com\/de\/category\/selbststaendig\/\"},{\"@type\":\"ListItem\",\"position\":3,\"name\":\"Nouveau syst\u00e8me de cotisation pour les ind\u00e9pendants en Espagne\"}]},{\"@type\":\"WebSite\",\"@id\":\"https:\/\/www.landac.com\/#website\",\"url\":\"https:\/\/www.landac.com\/\",\"name\":\"Lawyers &amp; Accountants\",\"description\":\"Asesor\u00eda Internacional. Especialistas en fisclidad, contabilidad, asesor\u00eda jur\u00eddica, venta de sociedades urgentes\",\"publisher\":{\"@id\":\"https:\/\/www.landac.com\/#organization\"},\"alternateName\":\"Lawyers and Accountants, asesor\u00eda internacional\",\"potentialAction\":[{\"@type\":\"SearchAction\",\"target\":{\"@type\":\"EntryPoint\",\"urlTemplate\":\"https:\/\/www.landac.com\/?s={search_term_string}\"},\"query-input\":{\"@type\":\"PropertyValueSpecification\",\"valueRequired\":true,\"valueName\":\"search_term_string\"}}],\"inLanguage\":\"fr-FR\"},{\"@type\":\"Organization\",\"@id\":\"https:\/\/www.landac.com\/#organization\",\"name\":\"Lawyers & Accountants\",\"alternateName\":\"Lawyers & Accountants\",\"url\":\"https:\/\/www.landac.com\/\",\"logo\":{\"@type\":\"ImageObject\",\"inLanguage\":\"fr-FR\",\"@id\":\"https:\/\/www.landac.com\/#\/schema\/logo\/image\/\",\"url\":\"https:\/\/www.landac.com\/wp-content\/uploads\/2020\/06\/gestoria-lowyers-and-accountants.jpg\",\"contentUrl\":\"https:\/\/www.landac.com\/wp-content\/uploads\/2020\/06\/gestoria-lowyers-and-accountants.jpg\",\"width\":992,\"height\":237,\"caption\":\"Lawyers & Accountants\"},\"image\":{\"@id\":\"https:\/\/www.landac.com\/#\/schema\/logo\/image\/\"},\"sameAs\":[\"https:\/\/www.facebook.com\/LawyersandAccountants\",\"https:\/\/x.com\/Landac_asesoria\",\"https:\/\/www.linkedin.com\/company\/lawyers-&amp;-accountants-asesor\u00eda-internacional\",\"https:\/\/www.youtube.com\/channel\/UC1otoKuvs5moN1C4XnzLLGg\"]},{\"@type\":\"Person\",\"@id\":\"https:\/\/www.landac.com\/#\/schema\/person\/488541387ae59579606347621e943cbf\",\"name\":\"Blanca R\u00edos\"}]}<\/script>\n<!-- \/ Yoast SEO plugin. -->","yoast_head_json":{"title":"Nouveau syst\u00e8me de cotisation pour les ind\u00e9pendants en Espagne","description":"Quelles sont les nouveaut\u00e9s du syst\u00e8me de cotisation pour les ind\u00e9pendants en Espagne, Comment fonctionne-t-il ?","robots":{"index":"index","follow":"follow","max-snippet":"max-snippet:-1","max-image-preview":"max-image-preview:large","max-video-preview":"max-video-preview:-1"},"canonical":"https:\/\/www.landac.com\/fr\/nouveau-systeme-de-quotas-pour-les-travailleurs-independants-en-espagne-2023-2031\/","og_locale":"fr_FR","og_type":"article","og_title":"Nouveau syst\u00e8me de cotisation pour les ind\u00e9pendants en Espagne","og_description":"Quelles sont les nouveaut\u00e9s du syst\u00e8me de cotisation pour les ind\u00e9pendants en Espagne, Comment fonctionne-t-il ?","og_url":"https:\/\/www.landac.com\/fr\/nouveau-systeme-de-quotas-pour-les-travailleurs-independants-en-espagne-2023-2031\/","og_site_name":"Lawyers &amp; Accountants","article_publisher":"https:\/\/www.facebook.com\/LawyersandAccountants","article_published_time":"2022-11-14T10:27:18+00:00","article_modified_time":"2022-11-14T10:27:19+00:00","og_image":[{"width":750,"height":500,"url":"https:\/\/www.landac.com\/wp-content\/uploads\/2022\/11\/systeme-de-cotisations-pour-les-independants-en-espagne.jpg","type":"image\/jpeg"}],"author":"Blanca R\u00edos","twitter_card":"summary_large_image","twitter_creator":"@Landac_asesoria","twitter_site":"@Landac_asesoria","twitter_misc":{"\u00c9crit par":"Blanca R\u00edos","Dur\u00e9e de lecture estim\u00e9e":"6 minutes"},"schema":{"@context":"https:\/\/schema.org","@graph":[{"@type":"Article","@id":"https:\/\/www.landac.com\/fr\/nouveau-systeme-de-quotas-pour-les-travailleurs-independants-en-espagne-2023-2031\/#article","isPartOf":{"@id":"https:\/\/www.landac.com\/fr\/nouveau-systeme-de-quotas-pour-les-travailleurs-independants-en-espagne-2023-2031\/"},"author":{"name":"Blanca R\u00edos","@id":"https:\/\/www.landac.com\/#\/schema\/person\/488541387ae59579606347621e943cbf"},"headline":"Nouveau syst\u00e8me de cotisation pour les ind\u00e9pendants en Espagne","datePublished":"2022-11-14T10:27:18+00:00","dateModified":"2022-11-14T10:27:19+00:00","mainEntityOfPage":{"@id":"https:\/\/www.landac.com\/fr\/nouveau-systeme-de-quotas-pour-les-travailleurs-independants-en-espagne-2023-2031\/"},"wordCount":1216,"commentCount":0,"publisher":{"@id":"https:\/\/www.landac.com\/#organization"},"image":{"@id":"https:\/\/www.landac.com\/fr\/nouveau-systeme-de-quotas-pour-les-travailleurs-independants-en-espagne-2023-2031\/#primaryimage"},"thumbnailUrl":"https:\/\/www.landac.com\/wp-content\/uploads\/2022\/11\/systeme-de-cotisations-pour-les-independants-en-espagne.jpg","articleSection":["Travailleurs ind\u00e9pendants"],"inLanguage":"fr-FR","potentialAction":[{"@type":"CommentAction","name":"Comment","target":["https:\/\/www.landac.com\/fr\/nouveau-systeme-de-quotas-pour-les-travailleurs-independants-en-espagne-2023-2031\/#respond"]}]},{"@type":"WebPage","@id":"https:\/\/www.landac.com\/fr\/nouveau-systeme-de-quotas-pour-les-travailleurs-independants-en-espagne-2023-2031\/","url":"https:\/\/www.landac.com\/fr\/nouveau-systeme-de-quotas-pour-les-travailleurs-independants-en-espagne-2023-2031\/","name":"Nouveau syst\u00e8me de cotisation pour les ind\u00e9pendants en Espagne","isPartOf":{"@id":"https:\/\/www.landac.com\/#website"},"primaryImageOfPage":{"@id":"https:\/\/www.landac.com\/fr\/nouveau-systeme-de-quotas-pour-les-travailleurs-independants-en-espagne-2023-2031\/#primaryimage"},"image":{"@id":"https:\/\/www.landac.com\/fr\/nouveau-systeme-de-quotas-pour-les-travailleurs-independants-en-espagne-2023-2031\/#primaryimage"},"thumbnailUrl":"https:\/\/www.landac.com\/wp-content\/uploads\/2022\/11\/systeme-de-cotisations-pour-les-independants-en-espagne.jpg","datePublished":"2022-11-14T10:27:18+00:00","dateModified":"2022-11-14T10:27:19+00:00","description":"Quelles sont les nouveaut\u00e9s du syst\u00e8me de cotisation pour les ind\u00e9pendants en Espagne, Comment fonctionne-t-il ?","breadcrumb":{"@id":"https:\/\/www.landac.com\/fr\/nouveau-systeme-de-quotas-pour-les-travailleurs-independants-en-espagne-2023-2031\/#breadcrumb"},"inLanguage":"fr-FR","potentialAction":[{"@type":"ReadAction","target":["https:\/\/www.landac.com\/fr\/nouveau-systeme-de-quotas-pour-les-travailleurs-independants-en-espagne-2023-2031\/"]}]},{"@type":"ImageObject","inLanguage":"fr-FR","@id":"https:\/\/www.landac.com\/fr\/nouveau-systeme-de-quotas-pour-les-travailleurs-independants-en-espagne-2023-2031\/#primaryimage","url":"https:\/\/www.landac.com\/wp-content\/uploads\/2022\/11\/systeme-de-cotisations-pour-les-independants-en-espagne.jpg","contentUrl":"https:\/\/www.landac.com\/wp-content\/uploads\/2022\/11\/systeme-de-cotisations-pour-les-independants-en-espagne.jpg","width":750,"height":500,"caption":"Quelles sont les nouveaut\u00e9s du syst\u00e8me de cotisations pour les ind\u00e9pendants en Espagne en 2023 ?"},{"@type":"BreadcrumbList","@id":"https:\/\/www.landac.com\/fr\/nouveau-systeme-de-quotas-pour-les-travailleurs-independants-en-espagne-2023-2031\/#breadcrumb","itemListElement":[{"@type":"ListItem","position":1,"name":"Inicio","item":"https:\/\/www.landac.com\/fr\/"},{"@type":"ListItem","position":2,"name":"Selbstst\u00e4ndig","item":"https:\/\/www.landac.com\/de\/category\/selbststaendig\/"},{"@type":"ListItem","position":3,"name":"Nouveau syst\u00e8me de cotisation pour les ind\u00e9pendants en Espagne"}]},{"@type":"WebSite","@id":"https:\/\/www.landac.com\/#website","url":"https:\/\/www.landac.com\/","name":"Lawyers &amp; Accountants","description":"Asesor\u00eda Internacional. Especialistas en fisclidad, contabilidad, asesor\u00eda jur\u00eddica, venta de sociedades urgentes","publisher":{"@id":"https:\/\/www.landac.com\/#organization"},"alternateName":"Lawyers and Accountants, asesor\u00eda internacional","potentialAction":[{"@type":"SearchAction","target":{"@type":"EntryPoint","urlTemplate":"https:\/\/www.landac.com\/?s={search_term_string}"},"query-input":{"@type":"PropertyValueSpecification","valueRequired":true,"valueName":"search_term_string"}}],"inLanguage":"fr-FR"},{"@type":"Organization","@id":"https:\/\/www.landac.com\/#organization","name":"Lawyers & Accountants","alternateName":"Lawyers & Accountants","url":"https:\/\/www.landac.com\/","logo":{"@type":"ImageObject","inLanguage":"fr-FR","@id":"https:\/\/www.landac.com\/#\/schema\/logo\/image\/","url":"https:\/\/www.landac.com\/wp-content\/uploads\/2020\/06\/gestoria-lowyers-and-accountants.jpg","contentUrl":"https:\/\/www.landac.com\/wp-content\/uploads\/2020\/06\/gestoria-lowyers-and-accountants.jpg","width":992,"height":237,"caption":"Lawyers & Accountants"},"image":{"@id":"https:\/\/www.landac.com\/#\/schema\/logo\/image\/"},"sameAs":["https:\/\/www.facebook.com\/LawyersandAccountants","https:\/\/x.com\/Landac_asesoria","https:\/\/www.linkedin.com\/company\/lawyers-&amp;-accountants-asesor\u00eda-internacional","https:\/\/www.youtube.com\/channel\/UC1otoKuvs5moN1C4XnzLLGg"]},{"@type":"Person","@id":"https:\/\/www.landac.com\/#\/schema\/person\/488541387ae59579606347621e943cbf","name":"Blanca R\u00edos"}]}},"_links":{"self":[{"href":"https:\/\/www.landac.com\/fr\/wp-json\/wp\/v2\/posts\/6983"}],"collection":[{"href":"https:\/\/www.landac.com\/fr\/wp-json\/wp\/v2\/posts"}],"about":[{"href":"https:\/\/www.landac.com\/fr\/wp-json\/wp\/v2\/types\/post"}],"author":[{"embeddable":true,"href":"https:\/\/www.landac.com\/fr\/wp-json\/wp\/v2\/users\/5"}],"replies":[{"embeddable":true,"href":"https:\/\/www.landac.com\/fr\/wp-json\/wp\/v2\/comments?post=6983"}],"version-history":[{"count":1,"href":"https:\/\/www.landac.com\/fr\/wp-json\/wp\/v2\/posts\/6983\/revisions"}],"predecessor-version":[{"id":6990,"href":"https:\/\/www.landac.com\/fr\/wp-json\/wp\/v2\/posts\/6983\/revisions\/6990"}],"wp:featuredmedia":[{"embeddable":true,"href":"https:\/\/www.landac.com\/fr\/wp-json\/wp\/v2\/media\/6985"}],"wp:attachment":[{"href":"https:\/\/www.landac.com\/fr\/wp-json\/wp\/v2\/media?parent=6983"}],"wp:term":[{"taxonomy":"category","embeddable":true,"href":"https:\/\/www.landac.com\/fr\/wp-json\/wp\/v2\/categories?post=6983"},{"taxonomy":"post_tag","embeddable":true,"href":"https:\/\/www.landac.com\/fr\/wp-json\/wp\/v2\/tags?post=6983"}],"curies":[{"name":"wp","href":"https:\/\/api.w.org\/{rel}","templated":true}]}}