{"id":7240,"date":"2025-05-19T12:25:41","date_gmt":"2025-05-19T12:25:41","guid":{"rendered":"https:\/\/www.landac.com\/?p=7240"},"modified":"2025-05-19T15:41:03","modified_gmt":"2025-05-19T15:41:03","slug":"landac-et-lla-scellent-une-alliance-strategique-pour-offrir-un-accompagnement-juridique-et-commercial-global-en-espagne-et-au-portugal","status":"publish","type":"post","link":"https:\/\/www.landac.com\/fr\/landac-et-lla-scellent-une-alliance-strategique-pour-offrir-un-accompagnement-juridique-et-commercial-global-en-espagne-et-au-portugal\/","title":{"rendered":"LANDAC et LLA scellent une alliance strat\u00e9gique pour offrir un accompagnement juridique et commercial global en Espagne et au Portugal"},"content":{"rendered":"\n<p><em>Les deux cabinets unissent leurs forces pour proposer des solutions coordonn\u00e9es, sp\u00e9cialis\u00e9es et multijuridictionnelles aux entreprises et aux particuliers sur l\u2019ensemble de la p\u00e9ninsule Ib\u00e9rique et dans les territoires insulaires.<\/em><\/p>\n\n\n\n<p><strong>Madrid et Lisbonne, le 19 mai 2025<\/strong> \u2013 Dans un environnement \u00e9conomique de plus en plus globalis\u00e9, complexe et interconnect\u00e9, <strong>LAWYERS AND ACCOUNTANTS (LANDAC)<\/strong>, cabinet espagnol fort de plus de vingt ans d\u2019exp\u00e9rience en conseil juridique, fiscal, social et comptable, et <strong>LEGAL LATIN ADVISORS (LLA)<\/strong>, cabinet boutique portugais bas\u00e9 \u00e0 Lisbonne et \u00e0 Porto, ont formalis\u00e9 une alliance strat\u00e9gique visant \u00e0 offrir un accompagnement global et r\u00e9actif de part et d\u2019autre de la fronti\u00e8re hispano-portugaise.<\/p>\n\n\n\n<p>Cette collaboration r\u00e9pond \u00e0 un r\u00e9el besoin du march\u00e9 : disposer d\u2019une \u00e9quipe combinant une connaissance approfondie des r\u00e9glementations dans les deux juridictions et une vision transnationale pour relever efficacement les d\u00e9fis commerciaux et personnels. L\u2019alliance permettra aux deux cabinets d\u2019\u00e9largir leur couverture territoriale, de renforcer leurs comp\u00e9tences communes et d\u2019offrir des solutions juridiques et fiscales coordonn\u00e9es, adapt\u00e9es au contexte ib\u00e9rique.<\/p>\n\n\n\n<p><strong>\u00ab Nos clients ont besoin de r\u00e9ponses rapides, claires et coh\u00e9rentes. Cette alliance nous permet d\u2019\u00eatre leur partenaire de confiance en Espagne et au Portugal, ainsi qu\u2019une porte d\u2019entr\u00e9e vers l\u2019Europe pour ceux qui souhaitent investir ou s\u2019implanter dans ces pays \u00bb,<\/strong> explique Juan Porras Pedraza, associ\u00e9 directeur de LANDAC.<\/p>\n\n\n\n<p><strong>\u00ab La formalisation de cette collaboration renforce la synergie que nous avons b\u00e2tie au cours des derni\u00e8res ann\u00e9es. Nos clients b\u00e9n\u00e9ficieront d\u2019un conseil plus int\u00e9gr\u00e9 et plus efficace dans les deux pays \u00bb,<\/strong> ajoute Lu\u00eds de Andrade Pinhel, associ\u00e9 de LLA \u00e0 Lisbonne.<\/p>\n\n\n\n<p><strong>Domaines d\u2019expertise communs :<\/strong><\/p>\n\n\n\n<p>\u2022 Droit des \u00e9trangers et obtention de visas<br>\u2022 Investissements et immobilier<br>\u2022 Droit commercial et des soci\u00e9t\u00e9s<br>\u2022 Restructurations d\u2019entreprises<br>\u2022 Fusions et acquisitions (M&amp;A)<br>\u2022 Fiscalit\u00e9 internationale et conformit\u00e9<br>\u2022 Droit du travail et gestion des talents<br>\u2022 Mobilit\u00e9 internationale et proc\u00e9dures de nationalit\u00e9<\/p>\n\n\n\n<p><\/p>\n\n\n\n<p><strong>\u00c0 propos de LAWYERS AND ACCOUNTANTS (LANDAC)<\/strong><\/p>\n\n\n\n<p>Bas\u00e9 \u00e0 Madrid, LANDAC est un cabinet reconnu pour son accompagnement global aupr\u00e8s des entreprises et des particuliers. Il dispose d\u2019une \u00e9quipe pluridisciplinaire de plus de 30 professionnels et se distingue par son engagement en mati\u00e8re d\u2019excellence technique, de rigueur r\u00e9glementaire et de proximit\u00e9 avec ses clients.<br>Plus d\u2019informations : <a href=\"http:\/\/www.landac.com\">www.landac.com<\/a><\/p>\n\n\n\n<p><strong>\u00c0 propos de LEGAL LATIN ADVISORS (LLA)<\/strong><\/p>\n\n\n\n<p>LLA est un cabinet d\u2019avocats portugais de renom, compos\u00e9 de 4 associ\u00e9s et d\u2019une \u00e9quipe de plus de 10 professionnels, offrant des solutions juridiques \u00e0 des probl\u00e9matiques complexes. Son \u00e9quipe, bas\u00e9e \u00e0 Lisbonne et \u00e0 Porto, intervient sur tout le territoire portugais et poss\u00e8de une expertise approfondie du droit portugais, offrant ainsi des solutions innovantes \u00e0 ses clients.<br>Plus d\u2019informations : <a href=\"http:\/\/www.legallatinadvisors.com\">www.legallatinadvisors.com<\/a><\/p>\n\n\n\n<p><strong>Contacts<\/strong><\/p>\n\n\n\n<p><strong>LAWYERS AND ACCOUNTANTS (LANDAC)<\/strong><br>Calle de Jos\u00e9 Abascal, 58, 2.\u00ba derecha, 28003 Madrid (Espagne)<br>T\u00e9l : +34 91 564 32 94<br>Email : clientes@landac.com<br>Personne de contact : Juan Porras Pedraza<\/p>\n\n\n\n<p><strong>LEGAL LATIN ADVISORS (LLA)<\/strong><br>Rua Tierno Galvan, Torre 3, 4e \u00e9tage, bureau 409, 1070-274 Lisbonne (Portugal)<br>T\u00e9l : +351 21 244 55 84<br>Email : contato@legallatinadvisors.com<br>Personne de contact : Lu\u00eds de Andrade Pinhel<\/p>\n","protected":false},"excerpt":{"rendered":"<p>Les deux cabinets unissent leurs forces pour proposer des solutions coordonn\u00e9es, sp\u00e9cialis\u00e9es et multijuridictionnelles aux entreprises et aux particuliers sur l\u2019ensemble de la p\u00e9ninsule Ib\u00e9rique et dans les territoires insulaires. Madrid et Lisbonne, le 19 mai 2025 \u2013 Dans un environnement \u00e9conomique de plus en plus globalis\u00e9, complexe et interconnect\u00e9, LAWYERS AND ACCOUNTANTS (LANDAC), cabinet [&hellip;]<\/p>\n","protected":false},"author":5,"featured_media":7250,"comment_status":"open","ping_status":"open","sticky":false,"template":"","format":"standard","meta":{"_acf_changed":false,"footnotes":""},"categories":[4],"tags":[],"acf":[],"yoast_head":"<!-- This site is optimized with the Yoast SEO plugin v23.5 - https:\/\/yoast.com\/wordpress\/plugins\/seo\/ -->\n<title>LANDAC et LLA scellent une alliance strat\u00e9gique pour offrir un accompagnement juridique et commercial global en Espagne et au Portugal | Lawyers &amp; Accountants<\/title>\n<meta name=\"description\" content=\"LANDAC et LLA scellent une alliance strat\u00e9gique pour offrir un accompagnement juridique et commercial global en Espagne et au Portugal\" \/>\n<meta name=\"robots\" content=\"index, follow, max-snippet:-1, max-image-preview:large, max-video-preview:-1\" \/>\n<link rel=\"canonical\" href=\"https:\/\/www.landac.com\/fr\/landac-et-lla-scellent-une-alliance-strategique-pour-offrir-un-accompagnement-juridique-et-commercial-global-en-espagne-et-au-portugal\/\" \/>\n<meta property=\"og:locale\" content=\"fr_FR\" \/>\n<meta property=\"og:type\" content=\"article\" \/>\n<meta property=\"og:title\" content=\"LANDAC et LLA scellent une alliance strat\u00e9gique pour offrir un accompagnement juridique et commercial global en Espagne et au Portugal | Lawyers &amp; Accountants\" \/>\n<meta property=\"og:description\" content=\"LANDAC et LLA scellent une alliance strat\u00e9gique pour offrir un accompagnement juridique et commercial global en Espagne et au Portugal\" \/>\n<meta property=\"og:url\" content=\"https:\/\/www.landac.com\/fr\/landac-et-lla-scellent-une-alliance-strategique-pour-offrir-un-accompagnement-juridique-et-commercial-global-en-espagne-et-au-portugal\/\" \/>\n<meta property=\"og:site_name\" content=\"Lawyers &amp; Accountants\" \/>\n<meta property=\"article:publisher\" content=\"https:\/\/www.facebook.com\/LawyersandAccountants\" \/>\n<meta property=\"article:published_time\" content=\"2025-05-19T12:25:41+00:00\" \/>\n<meta property=\"article:modified_time\" content=\"2025-05-19T15:41:03+00:00\" \/>\n<meta property=\"og:image\" content=\"https:\/\/www.landac.com\/wp-content\/uploads\/2025\/05\/colaboracion-empresas.jpg\" \/>\n\t<meta property=\"og:image:width\" content=\"1920\" \/>\n\t<meta property=\"og:image:height\" content=\"1080\" \/>\n\t<meta property=\"og:image:type\" content=\"image\/jpeg\" \/>\n<meta name=\"author\" content=\"Blanca R\u00edos\" \/>\n<meta name=\"twitter:card\" content=\"summary_large_image\" \/>\n<meta name=\"twitter:creator\" content=\"@Landac_asesoria\" \/>\n<meta name=\"twitter:site\" content=\"@Landac_asesoria\" \/>\n<meta name=\"twitter:label1\" content=\"\u00c9crit par\" \/>\n\t<meta name=\"twitter:data1\" content=\"Blanca R\u00edos\" \/>\n\t<meta name=\"twitter:label2\" content=\"Dur\u00e9e de lecture estim\u00e9e\" \/>\n\t<meta name=\"twitter:data2\" content=\"3 minutes\" \/>\n<script type=\"application\/ld+json\" class=\"yoast-schema-graph\">{\"@context\":\"https:\/\/schema.org\",\"@graph\":[{\"@type\":\"Article\",\"@id\":\"https:\/\/www.landac.com\/fr\/landac-et-lla-scellent-une-alliance-strategique-pour-offrir-un-accompagnement-juridique-et-commercial-global-en-espagne-et-au-portugal\/#article\",\"isPartOf\":{\"@id\":\"https:\/\/www.landac.com\/fr\/landac-et-lla-scellent-une-alliance-strategique-pour-offrir-un-accompagnement-juridique-et-commercial-global-en-espagne-et-au-portugal\/\"},\"author\":{\"name\":\"Blanca R\u00edos\",\"@id\":\"https:\/\/www.landac.com\/#\/schema\/person\/488541387ae59579606347621e943cbf\"},\"headline\":\"LANDAC et LLA scellent une alliance strat\u00e9gique pour offrir un accompagnement juridique et commercial global en Espagne et au Portugal\",\"datePublished\":\"2025-05-19T12:25:41+00:00\",\"dateModified\":\"2025-05-19T15:41:03+00:00\",\"mainEntityOfPage\":{\"@id\":\"https:\/\/www.landac.com\/fr\/landac-et-lla-scellent-une-alliance-strategique-pour-offrir-un-accompagnement-juridique-et-commercial-global-en-espagne-et-au-portugal\/\"},\"wordCount\":537,\"commentCount\":0,\"publisher\":{\"@id\":\"https:\/\/www.landac.com\/#organization\"},\"image\":{\"@id\":\"https:\/\/www.landac.com\/fr\/landac-et-lla-scellent-une-alliance-strategique-pour-offrir-un-accompagnement-juridique-et-commercial-global-en-espagne-et-au-portugal\/#primaryimage\"},\"thumbnailUrl\":\"https:\/\/www.landac.com\/wp-content\/uploads\/2025\/05\/colaboracion-empresas.jpg\",\"articleSection\":[\"Actualit\u00e9s et mises \u00e0 jour r\u00e9centes\"],\"inLanguage\":\"fr-FR\",\"potentialAction\":[{\"@type\":\"CommentAction\",\"name\":\"Comment\",\"target\":[\"https:\/\/www.landac.com\/fr\/landac-et-lla-scellent-une-alliance-strategique-pour-offrir-un-accompagnement-juridique-et-commercial-global-en-espagne-et-au-portugal\/#respond\"]}]},{\"@type\":\"WebPage\",\"@id\":\"https:\/\/www.landac.com\/fr\/landac-et-lla-scellent-une-alliance-strategique-pour-offrir-un-accompagnement-juridique-et-commercial-global-en-espagne-et-au-portugal\/\",\"url\":\"https:\/\/www.landac.com\/fr\/landac-et-lla-scellent-une-alliance-strategique-pour-offrir-un-accompagnement-juridique-et-commercial-global-en-espagne-et-au-portugal\/\",\"name\":\"LANDAC et LLA scellent une alliance strat\u00e9gique pour offrir un accompagnement juridique et commercial global en Espagne et au Portugal | Lawyers &amp; Accountants\",\"isPartOf\":{\"@id\":\"https:\/\/www.landac.com\/#website\"},\"primaryImageOfPage\":{\"@id\":\"https:\/\/www.landac.com\/fr\/landac-et-lla-scellent-une-alliance-strategique-pour-offrir-un-accompagnement-juridique-et-commercial-global-en-espagne-et-au-portugal\/#primaryimage\"},\"image\":{\"@id\":\"https:\/\/www.landac.com\/fr\/landac-et-lla-scellent-une-alliance-strategique-pour-offrir-un-accompagnement-juridique-et-commercial-global-en-espagne-et-au-portugal\/#primaryimage\"},\"thumbnailUrl\":\"https:\/\/www.landac.com\/wp-content\/uploads\/2025\/05\/colaboracion-empresas.jpg\",\"datePublished\":\"2025-05-19T12:25:41+00:00\",\"dateModified\":\"2025-05-19T15:41:03+00:00\",\"description\":\"LANDAC et LLA scellent une alliance strat\u00e9gique pour offrir un accompagnement juridique et commercial global en Espagne et au Portugal\",\"breadcrumb\":{\"@id\":\"https:\/\/www.landac.com\/fr\/landac-et-lla-scellent-une-alliance-strategique-pour-offrir-un-accompagnement-juridique-et-commercial-global-en-espagne-et-au-portugal\/#breadcrumb\"},\"inLanguage\":\"fr-FR\",\"potentialAction\":[{\"@type\":\"ReadAction\",\"target\":[\"https:\/\/www.landac.com\/fr\/landac-et-lla-scellent-une-alliance-strategique-pour-offrir-un-accompagnement-juridique-et-commercial-global-en-espagne-et-au-portugal\/\"]}]},{\"@type\":\"ImageObject\",\"inLanguage\":\"fr-FR\",\"@id\":\"https:\/\/www.landac.com\/fr\/landac-et-lla-scellent-une-alliance-strategique-pour-offrir-un-accompagnement-juridique-et-commercial-global-en-espagne-et-au-portugal\/#primaryimage\",\"url\":\"https:\/\/www.landac.com\/wp-content\/uploads\/2025\/05\/colaboracion-empresas.jpg\",\"contentUrl\":\"https:\/\/www.landac.com\/wp-content\/uploads\/2025\/05\/colaboracion-empresas.jpg\",\"width\":1920,\"height\":1080},{\"@type\":\"BreadcrumbList\",\"@id\":\"https:\/\/www.landac.com\/fr\/landac-et-lla-scellent-une-alliance-strategique-pour-offrir-un-accompagnement-juridique-et-commercial-global-en-espagne-et-au-portugal\/#breadcrumb\",\"itemListElement\":[{\"@type\":\"ListItem\",\"position\":1,\"name\":\"Inicio\",\"item\":\"https:\/\/www.landac.com\/fr\/\"},{\"@type\":\"ListItem\",\"position\":2,\"name\":\"Novedades Lawyers &amp; Accountants\",\"item\":\"https:\/\/www.landac.com\/category\/novedades-avisos-noticias-lawyers-and-accountants-madrid\/\"},{\"@type\":\"ListItem\",\"position\":3,\"name\":\"LANDAC et LLA scellent une alliance strat\u00e9gique pour offrir un accompagnement juridique et commercial global en Espagne et au Portugal\"}]},{\"@type\":\"WebSite\",\"@id\":\"https:\/\/www.landac.com\/#website\",\"url\":\"https:\/\/www.landac.com\/\",\"name\":\"Lawyers &amp; Accountants\",\"description\":\"Asesor\u00eda Internacional. Especialistas en fisclidad, contabilidad, asesor\u00eda jur\u00eddica, venta de sociedades urgentes\",\"publisher\":{\"@id\":\"https:\/\/www.landac.com\/#organization\"},\"alternateName\":\"Lawyers and Accountants, asesor\u00eda internacional\",\"potentialAction\":[{\"@type\":\"SearchAction\",\"target\":{\"@type\":\"EntryPoint\",\"urlTemplate\":\"https:\/\/www.landac.com\/?s={search_term_string}\"},\"query-input\":{\"@type\":\"PropertyValueSpecification\",\"valueRequired\":true,\"valueName\":\"search_term_string\"}}],\"inLanguage\":\"fr-FR\"},{\"@type\":\"Organization\",\"@id\":\"https:\/\/www.landac.com\/#organization\",\"name\":\"Lawyers & Accountants\",\"alternateName\":\"Lawyers & Accountants\",\"url\":\"https:\/\/www.landac.com\/\",\"logo\":{\"@type\":\"ImageObject\",\"inLanguage\":\"fr-FR\",\"@id\":\"https:\/\/www.landac.com\/#\/schema\/logo\/image\/\",\"url\":\"https:\/\/www.landac.com\/wp-content\/uploads\/2020\/06\/gestoria-lowyers-and-accountants.jpg\",\"contentUrl\":\"https:\/\/www.landac.com\/wp-content\/uploads\/2020\/06\/gestoria-lowyers-and-accountants.jpg\",\"width\":992,\"height\":237,\"caption\":\"Lawyers & Accountants\"},\"image\":{\"@id\":\"https:\/\/www.landac.com\/#\/schema\/logo\/image\/\"},\"sameAs\":[\"https:\/\/www.facebook.com\/LawyersandAccountants\",\"https:\/\/x.com\/Landac_asesoria\",\"https:\/\/www.linkedin.com\/company\/lawyers-&amp;-accountants-asesor\u00eda-internacional\",\"https:\/\/www.youtube.com\/channel\/UC1otoKuvs5moN1C4XnzLLGg\"]},{\"@type\":\"Person\",\"@id\":\"https:\/\/www.landac.com\/#\/schema\/person\/488541387ae59579606347621e943cbf\",\"name\":\"Blanca R\u00edos\"}]}<\/script>\n<!-- \/ Yoast SEO plugin. -->","yoast_head_json":{"title":"LANDAC et LLA scellent une alliance strat\u00e9gique pour offrir un accompagnement juridique et commercial global en Espagne et au Portugal | Lawyers &amp; Accountants","description":"LANDAC et LLA scellent une alliance strat\u00e9gique pour offrir un accompagnement juridique et commercial global en Espagne et au Portugal","robots":{"index":"index","follow":"follow","max-snippet":"max-snippet:-1","max-image-preview":"max-image-preview:large","max-video-preview":"max-video-preview:-1"},"canonical":"https:\/\/www.landac.com\/fr\/landac-et-lla-scellent-une-alliance-strategique-pour-offrir-un-accompagnement-juridique-et-commercial-global-en-espagne-et-au-portugal\/","og_locale":"fr_FR","og_type":"article","og_title":"LANDAC et LLA scellent une alliance strat\u00e9gique pour offrir un accompagnement juridique et commercial global en Espagne et au Portugal | Lawyers &amp; Accountants","og_description":"LANDAC et LLA scellent une alliance strat\u00e9gique pour offrir un accompagnement juridique et commercial global en Espagne et au Portugal","og_url":"https:\/\/www.landac.com\/fr\/landac-et-lla-scellent-une-alliance-strategique-pour-offrir-un-accompagnement-juridique-et-commercial-global-en-espagne-et-au-portugal\/","og_site_name":"Lawyers &amp; Accountants","article_publisher":"https:\/\/www.facebook.com\/LawyersandAccountants","article_published_time":"2025-05-19T12:25:41+00:00","article_modified_time":"2025-05-19T15:41:03+00:00","og_image":[{"width":1920,"height":1080,"url":"https:\/\/www.landac.com\/wp-content\/uploads\/2025\/05\/colaboracion-empresas.jpg","type":"image\/jpeg"}],"author":"Blanca R\u00edos","twitter_card":"summary_large_image","twitter_creator":"@Landac_asesoria","twitter_site":"@Landac_asesoria","twitter_misc":{"\u00c9crit par":"Blanca R\u00edos","Dur\u00e9e de lecture estim\u00e9e":"3 minutes"},"schema":{"@context":"https:\/\/schema.org","@graph":[{"@type":"Article","@id":"https:\/\/www.landac.com\/fr\/landac-et-lla-scellent-une-alliance-strategique-pour-offrir-un-accompagnement-juridique-et-commercial-global-en-espagne-et-au-portugal\/#article","isPartOf":{"@id":"https:\/\/www.landac.com\/fr\/landac-et-lla-scellent-une-alliance-strategique-pour-offrir-un-accompagnement-juridique-et-commercial-global-en-espagne-et-au-portugal\/"},"author":{"name":"Blanca R\u00edos","@id":"https:\/\/www.landac.com\/#\/schema\/person\/488541387ae59579606347621e943cbf"},"headline":"LANDAC et LLA scellent une alliance strat\u00e9gique pour offrir un accompagnement juridique et commercial global en Espagne et au Portugal","datePublished":"2025-05-19T12:25:41+00:00","dateModified":"2025-05-19T15:41:03+00:00","mainEntityOfPage":{"@id":"https:\/\/www.landac.com\/fr\/landac-et-lla-scellent-une-alliance-strategique-pour-offrir-un-accompagnement-juridique-et-commercial-global-en-espagne-et-au-portugal\/"},"wordCount":537,"commentCount":0,"publisher":{"@id":"https:\/\/www.landac.com\/#organization"},"image":{"@id":"https:\/\/www.landac.com\/fr\/landac-et-lla-scellent-une-alliance-strategique-pour-offrir-un-accompagnement-juridique-et-commercial-global-en-espagne-et-au-portugal\/#primaryimage"},"thumbnailUrl":"https:\/\/www.landac.com\/wp-content\/uploads\/2025\/05\/colaboracion-empresas.jpg","articleSection":["Actualit\u00e9s et mises \u00e0 jour r\u00e9centes"],"inLanguage":"fr-FR","potentialAction":[{"@type":"CommentAction","name":"Comment","target":["https:\/\/www.landac.com\/fr\/landac-et-lla-scellent-une-alliance-strategique-pour-offrir-un-accompagnement-juridique-et-commercial-global-en-espagne-et-au-portugal\/#respond"]}]},{"@type":"WebPage","@id":"https:\/\/www.landac.com\/fr\/landac-et-lla-scellent-une-alliance-strategique-pour-offrir-un-accompagnement-juridique-et-commercial-global-en-espagne-et-au-portugal\/","url":"https:\/\/www.landac.com\/fr\/landac-et-lla-scellent-une-alliance-strategique-pour-offrir-un-accompagnement-juridique-et-commercial-global-en-espagne-et-au-portugal\/","name":"LANDAC et LLA scellent une alliance strat\u00e9gique pour offrir un accompagnement juridique et commercial global en Espagne et au Portugal | Lawyers &amp; Accountants","isPartOf":{"@id":"https:\/\/www.landac.com\/#website"},"primaryImageOfPage":{"@id":"https:\/\/www.landac.com\/fr\/landac-et-lla-scellent-une-alliance-strategique-pour-offrir-un-accompagnement-juridique-et-commercial-global-en-espagne-et-au-portugal\/#primaryimage"},"image":{"@id":"https:\/\/www.landac.com\/fr\/landac-et-lla-scellent-une-alliance-strategique-pour-offrir-un-accompagnement-juridique-et-commercial-global-en-espagne-et-au-portugal\/#primaryimage"},"thumbnailUrl":"https:\/\/www.landac.com\/wp-content\/uploads\/2025\/05\/colaboracion-empresas.jpg","datePublished":"2025-05-19T12:25:41+00:00","dateModified":"2025-05-19T15:41:03+00:00","description":"LANDAC et LLA scellent une alliance strat\u00e9gique pour offrir un accompagnement juridique et commercial global en Espagne et au Portugal","breadcrumb":{"@id":"https:\/\/www.landac.com\/fr\/landac-et-lla-scellent-une-alliance-strategique-pour-offrir-un-accompagnement-juridique-et-commercial-global-en-espagne-et-au-portugal\/#breadcrumb"},"inLanguage":"fr-FR","potentialAction":[{"@type":"ReadAction","target":["https:\/\/www.landac.com\/fr\/landac-et-lla-scellent-une-alliance-strategique-pour-offrir-un-accompagnement-juridique-et-commercial-global-en-espagne-et-au-portugal\/"]}]},{"@type":"ImageObject","inLanguage":"fr-FR","@id":"https:\/\/www.landac.com\/fr\/landac-et-lla-scellent-une-alliance-strategique-pour-offrir-un-accompagnement-juridique-et-commercial-global-en-espagne-et-au-portugal\/#primaryimage","url":"https:\/\/www.landac.com\/wp-content\/uploads\/2025\/05\/colaboracion-empresas.jpg","contentUrl":"https:\/\/www.landac.com\/wp-content\/uploads\/2025\/05\/colaboracion-empresas.jpg","width":1920,"height":1080},{"@type":"BreadcrumbList","@id":"https:\/\/www.landac.com\/fr\/landac-et-lla-scellent-une-alliance-strategique-pour-offrir-un-accompagnement-juridique-et-commercial-global-en-espagne-et-au-portugal\/#breadcrumb","itemListElement":[{"@type":"ListItem","position":1,"name":"Inicio","item":"https:\/\/www.landac.com\/fr\/"},{"@type":"ListItem","position":2,"name":"Novedades Lawyers &amp; Accountants","item":"https:\/\/www.landac.com\/category\/novedades-avisos-noticias-lawyers-and-accountants-madrid\/"},{"@type":"ListItem","position":3,"name":"LANDAC et LLA scellent une alliance strat\u00e9gique pour offrir un accompagnement juridique et commercial global en Espagne et au Portugal"}]},{"@type":"WebSite","@id":"https:\/\/www.landac.com\/#website","url":"https:\/\/www.landac.com\/","name":"Lawyers &amp; Accountants","description":"Asesor\u00eda Internacional. Especialistas en fisclidad, contabilidad, asesor\u00eda jur\u00eddica, venta de sociedades urgentes","publisher":{"@id":"https:\/\/www.landac.com\/#organization"},"alternateName":"Lawyers and Accountants, asesor\u00eda internacional","potentialAction":[{"@type":"SearchAction","target":{"@type":"EntryPoint","urlTemplate":"https:\/\/www.landac.com\/?s={search_term_string}"},"query-input":{"@type":"PropertyValueSpecification","valueRequired":true,"valueName":"search_term_string"}}],"inLanguage":"fr-FR"},{"@type":"Organization","@id":"https:\/\/www.landac.com\/#organization","name":"Lawyers & Accountants","alternateName":"Lawyers & Accountants","url":"https:\/\/www.landac.com\/","logo":{"@type":"ImageObject","inLanguage":"fr-FR","@id":"https:\/\/www.landac.com\/#\/schema\/logo\/image\/","url":"https:\/\/www.landac.com\/wp-content\/uploads\/2020\/06\/gestoria-lowyers-and-accountants.jpg","contentUrl":"https:\/\/www.landac.com\/wp-content\/uploads\/2020\/06\/gestoria-lowyers-and-accountants.jpg","width":992,"height":237,"caption":"Lawyers & Accountants"},"image":{"@id":"https:\/\/www.landac.com\/#\/schema\/logo\/image\/"},"sameAs":["https:\/\/www.facebook.com\/LawyersandAccountants","https:\/\/x.com\/Landac_asesoria","https:\/\/www.linkedin.com\/company\/lawyers-&amp;-accountants-asesor\u00eda-internacional","https:\/\/www.youtube.com\/channel\/UC1otoKuvs5moN1C4XnzLLGg"]},{"@type":"Person","@id":"https:\/\/www.landac.com\/#\/schema\/person\/488541387ae59579606347621e943cbf","name":"Blanca R\u00edos"}]}},"_links":{"self":[{"href":"https:\/\/www.landac.com\/fr\/wp-json\/wp\/v2\/posts\/7240"}],"collection":[{"href":"https:\/\/www.landac.com\/fr\/wp-json\/wp\/v2\/posts"}],"about":[{"href":"https:\/\/www.landac.com\/fr\/wp-json\/wp\/v2\/types\/post"}],"author":[{"embeddable":true,"href":"https:\/\/www.landac.com\/fr\/wp-json\/wp\/v2\/users\/5"}],"replies":[{"embeddable":true,"href":"https:\/\/www.landac.com\/fr\/wp-json\/wp\/v2\/comments?post=7240"}],"version-history":[{"count":2,"href":"https:\/\/www.landac.com\/fr\/wp-json\/wp\/v2\/posts\/7240\/revisions"}],"predecessor-version":[{"id":7257,"href":"https:\/\/www.landac.com\/fr\/wp-json\/wp\/v2\/posts\/7240\/revisions\/7257"}],"wp:featuredmedia":[{"embeddable":true,"href":"https:\/\/www.landac.com\/fr\/wp-json\/wp\/v2\/media\/7250"}],"wp:attachment":[{"href":"https:\/\/www.landac.com\/fr\/wp-json\/wp\/v2\/media?parent=7240"}],"wp:term":[{"taxonomy":"category","embeddable":true,"href":"https:\/\/www.landac.com\/fr\/wp-json\/wp\/v2\/categories?post=7240"},{"taxonomy":"post_tag","embeddable":true,"href":"https:\/\/www.landac.com\/fr\/wp-json\/wp\/v2\/tags?post=7240"}],"curies":[{"name":"wp","href":"https:\/\/api.w.org\/{rel}","templated":true}]}}